{"id":1098,"date":"2010-08-20T21:24:37","date_gmt":"2010-08-20T19:24:37","guid":{"rendered":"http:\/\/www.jmoyano.com\/blog\/?p=1098"},"modified":"2010-08-20T21:25:43","modified_gmt":"2010-08-20T19:25:43","slug":"pleno-del-ayuntamiento-de-benetusser","status":"publish","type":"post","link":"http:\/\/www.jmoyano.com\/blog\/2010\/08\/20\/pleno-del-ayuntamiento-de-benetusser\/","title":{"rendered":"Pleno del Ayuntamiento de Benet\u00fasser"},"content":{"rendered":"<p style=\"text-align: justify;\">Hoy he asistido al pleno del Ayuntamiento de Benet\u00fasser.<\/p>\n<p style=\"text-align: justify;\">Entre otros asuntos se ha votado el tema de la estaci\u00f3n de transformaci\u00f3n que Iberdrola pretende instalar en el Barrio de San Jorge de Alfafar. El PSPV-PSOE y EU-PV han votado a favor de la resoluci\u00f3n de la Alcald\u00eda en que manifestaba su oposici\u00f3n a la aprobaci\u00f3n del estudio de impacto ambiental del de la estaci\u00f3n transformadora.<\/p>\n<p style=\"text-align: justify;\">Por motivos que no consigo entender no asisti\u00f3 al pleno NING\u00daN representante del PP-CV lo que nos impidi\u00f3 conocer su opini\u00f3n.<\/p>\n<p style=\"text-align: justify;\">Lo que he sabido por <a href=\"http:\/\/alfafarerestu.wordpress.com\/\" target=\"_blank\">Alfafar eres t\u00fa<\/a> es que en un pleno celebrado el pasado 30 de Julio (acta que no ha sido colgada en la p\u00e1gina web del ayuntamiento de Alfafar) el PP-CV y el PSPV-PSOE de Alfafar se opusieron a la instalaci\u00f3n de la estaci\u00f3n transformadora (<a href=\"http:\/\/alfafarerestu.wordpress.com\/2010\/07\/31\/una-nueva-propuesta-del-pp-para-el-barrio-del-sequer-de-alfafar-y-un-agradecimiento-para-los-dos-partidos-en-el-gobierno\/\" target=\"_blank\">aqu\u00ed la noticia<\/a>). Como dicen ellos no puedo por menos que \u00ab<strong>darles las gracias al PSOE y al PP<\/strong>, <strong>por la decisi\u00f3n tomada en el \u00faltimo pleno de votar en contra<\/strong> <strong>de la<\/strong> <strong>instalaci\u00f3n de una subestaci\u00f3n el\u00e9ctrica\u00bb<\/strong><\/p>\n","protected":false},"excerpt":{"rendered":"<p>Hoy he asistido al pleno del Ayuntamiento de Benet\u00fasser. Entre otros asuntos se ha votado el tema de la estaci\u00f3n de transformaci\u00f3n que Iberdrola pretende instalar en el Barrio de San Jorge de Alfafar. El PSPV-PSOE y EU-PV han votado a favor de la resoluci\u00f3n de la Alcald\u00eda en que manifestaba su oposici\u00f3n a la [&hellip;]<\/p>\n","protected":false},"author":1,"featured_media":0,"comment_status":"open","ping_status":"open","sticky":false,"template":"","format":"standard","meta":{"footnotes":""},"categories":[22,99],"tags":[15,100,101,25,18],"class_list":["post-1098","post","type-post","status-publish","format-standard","hentry","category-ayuntamiento-de-alfafar","category-ayuntamiento-de-benetusser","tag-alfafar","tag-benetusser","tag-eu-pv","tag-pp-cv","tag-pspv-psoe"],"_links":{"self":[{"href":"http:\/\/www.jmoyano.com\/blog\/wp-json\/wp\/v2\/posts\/1098","targetHints":{"allow":["GET"]}}],"collection":[{"href":"http:\/\/www.jmoyano.com\/blog\/wp-json\/wp\/v2\/posts"}],"about":[{"href":"http:\/\/www.jmoyano.com\/blog\/wp-json\/wp\/v2\/types\/post"}],"author":[{"embeddable":true,"href":"http:\/\/www.jmoyano.com\/blog\/wp-json\/wp\/v2\/users\/1"}],"replies":[{"embeddable":true,"href":"http:\/\/www.jmoyano.com\/blog\/wp-json\/wp\/v2\/comments?post=1098"}],"version-history":[{"count":7,"href":"http:\/\/www.jmoyano.com\/blog\/wp-json\/wp\/v2\/posts\/1098\/revisions"}],"predecessor-version":[{"id":1105,"href":"http:\/\/www.jmoyano.com\/blog\/wp-json\/wp\/v2\/posts\/1098\/revisions\/1105"}],"wp:attachment":[{"href":"http:\/\/www.jmoyano.com\/blog\/wp-json\/wp\/v2\/media?parent=1098"}],"wp:term":[{"taxonomy":"category","embeddable":true,"href":"http:\/\/www.jmoyano.com\/blog\/wp-json\/wp\/v2\/categories?post=1098"},{"taxonomy":"post_tag","embeddable":true,"href":"http:\/\/www.jmoyano.com\/blog\/wp-json\/wp\/v2\/tags?post=1098"}],"curies":[{"name":"wp","href":"https:\/\/api.w.org\/{rel}","templated":true}]}}