{"id":1118,"date":"2010-08-24T01:06:28","date_gmt":"2010-08-23T23:06:28","guid":{"rendered":"http:\/\/www.jmoyano.com\/blog\/?p=1118"},"modified":"2010-08-24T01:06:28","modified_gmt":"2010-08-23T23:06:28","slug":"seguimos-con-la-estacion-transformadora","status":"publish","type":"post","link":"http:\/\/www.jmoyano.com\/blog\/2010\/08\/24\/seguimos-con-la-estacion-transformadora\/","title":{"rendered":"Seguimos con la estaci\u00f3n transformadora"},"content":{"rendered":"<p>En uno de los comentarios de la entrada del 15 de Agosto se puede leer:<\/p>\n<blockquote><p>Hola a todos\/as, hoy d\u00eda 23 de Agosto, a las 15:30h, he podido ver a  ingenieros top\u00f3grafos, con sus tr\u00edpodes, midiendo, justo en donde el  mapa indica la localizaci\u00f3n. Teniendo en cuenta que se ha alargado el  cierre para la presentaci\u00f3n de recursos al proyecto, que carajo hacian  los top\u00f3gragos ya en el lugar, si todav\u00eda no se ha decidido, \u201d  teoricamente \u201c, su emplazamiento.<\/p>\n<p>Casualidades de la vida, no lo creo.!!!<\/p><\/blockquote>\n<p style=\"text-align: left;\">Aqu\u00ed os dejo el cartel que definitivamente reparte la Asociaci\u00f3n de Vecinos del Parque<\/p>\n<p style=\"text-align: center;\">\n<a href=\"http:\/\/www.jmoyano.com\/blog\/wp-content\/uploads\/2010\/08\/20100823-Estaci\u00f3n-transformadora.pdf\" target=\"_blank\">20100823 Estaci\u00f3n transformadora<\/a><\/p>\n","protected":false},"excerpt":{"rendered":"<p>En uno de los comentarios de la entrada del 15 de Agosto se puede leer: Hola a todos\/as, hoy d\u00eda 23 de Agosto, a las 15:30h, he podido ver a ingenieros top\u00f3grafos, con sus tr\u00edpodes, midiendo, justo en donde el mapa indica la localizaci\u00f3n. Teniendo en cuenta que se ha alargado el cierre para la [&hellip;]<\/p>\n","protected":false},"author":1,"featured_media":0,"comment_status":"open","ping_status":"open","sticky":false,"template":"","format":"standard","meta":{"footnotes":""},"categories":[22,99,23],"tags":[15,24,100,165],"class_list":["post-1118","post","type-post","status-publish","format-standard","hentry","category-ayuntamiento-de-alfafar","category-ayuntamiento-de-benetusser","category-participacion-ciudadana","tag-alfafar","tag-asociacion-de-vecinos","tag-benetusser","tag-participacion-ciudadana"],"_links":{"self":[{"href":"http:\/\/www.jmoyano.com\/blog\/wp-json\/wp\/v2\/posts\/1118","targetHints":{"allow":["GET"]}}],"collection":[{"href":"http:\/\/www.jmoyano.com\/blog\/wp-json\/wp\/v2\/posts"}],"about":[{"href":"http:\/\/www.jmoyano.com\/blog\/wp-json\/wp\/v2\/types\/post"}],"author":[{"embeddable":true,"href":"http:\/\/www.jmoyano.com\/blog\/wp-json\/wp\/v2\/users\/1"}],"replies":[{"embeddable":true,"href":"http:\/\/www.jmoyano.com\/blog\/wp-json\/wp\/v2\/comments?post=1118"}],"version-history":[{"count":2,"href":"http:\/\/www.jmoyano.com\/blog\/wp-json\/wp\/v2\/posts\/1118\/revisions"}],"predecessor-version":[{"id":1121,"href":"http:\/\/www.jmoyano.com\/blog\/wp-json\/wp\/v2\/posts\/1118\/revisions\/1121"}],"wp:attachment":[{"href":"http:\/\/www.jmoyano.com\/blog\/wp-json\/wp\/v2\/media?parent=1118"}],"wp:term":[{"taxonomy":"category","embeddable":true,"href":"http:\/\/www.jmoyano.com\/blog\/wp-json\/wp\/v2\/categories?post=1118"},{"taxonomy":"post_tag","embeddable":true,"href":"http:\/\/www.jmoyano.com\/blog\/wp-json\/wp\/v2\/tags?post=1118"}],"curies":[{"name":"wp","href":"https:\/\/api.w.org\/{rel}","templated":true}]}}