{"id":1123,"date":"2010-08-26T18:28:07","date_gmt":"2010-08-26T16:28:07","guid":{"rendered":"http:\/\/www.jmoyano.com\/blog\/?p=1123"},"modified":"2010-08-26T18:28:07","modified_gmt":"2010-08-26T16:28:07","slug":"pregunta-para-expertos","status":"publish","type":"post","link":"http:\/\/www.jmoyano.com\/blog\/2010\/08\/26\/pregunta-para-expertos\/","title":{"rendered":"Pregunta para expertos"},"content":{"rendered":"<p>Al parecer mucha gente, alcaldes incluidos, se ha puesto las pilas con el tema de la subestaci\u00f3n transformadora.<\/p>\n<p>Tengo una pregunta para alg\u00fan lector experto:<\/p>\n<p>\u00bfEn qu\u00e9 fase se encuentra la tramitaci\u00f3n?.<\/p>\n<ul>\n<li>Por una parte los ayuntamientos de Alfafar y Benet\u00fasser han hecho alegaciones a LA EVALUACI\u00d3N AMBIENTAL<\/li>\n<li>De otra parte est\u00e1 en periodo de exposici\u00f3n p\u00fablica \ufeff: PLAN DE PARTICIPACI\u00d3N P\u00daBLICA DEL PROYECTO DE SUBESTACI\u00d3N TRANSFORMADORA ALFAFAR (LA TORRE), PROVINCIA DE VALENCIA.<\/li>\n<\/ul>\n<p>La pregunta es doble:<\/p>\n<ul>\n<li> Cada fase es independiente<\/li>\n<li>Se puede aprobar el estudio de Evaluaci\u00f3n ambiental independientemente del estudio paisaj\u00edstico al que se refiere el plan de participaci\u00f3n p\u00fablica<\/li>\n<\/ul>\n","protected":false},"excerpt":{"rendered":"<p>Al parecer mucha gente, alcaldes incluidos, se ha puesto las pilas con el tema de la subestaci\u00f3n transformadora. Tengo una pregunta para alg\u00fan lector experto: \u00bfEn qu\u00e9 fase se encuentra la tramitaci\u00f3n?. Por una parte los ayuntamientos de Alfafar y Benet\u00fasser han hecho alegaciones a LA EVALUACI\u00d3N AMBIENTAL De otra parte est\u00e1 en periodo de [&hellip;]<\/p>\n","protected":false},"author":1,"featured_media":0,"comment_status":"open","ping_status":"open","sticky":false,"template":"","format":"standard","meta":{"footnotes":""},"categories":[22,99,23],"tags":[15,100,165],"class_list":["post-1123","post","type-post","status-publish","format-standard","hentry","category-ayuntamiento-de-alfafar","category-ayuntamiento-de-benetusser","category-participacion-ciudadana","tag-alfafar","tag-benetusser","tag-participacion-ciudadana"],"_links":{"self":[{"href":"http:\/\/www.jmoyano.com\/blog\/wp-json\/wp\/v2\/posts\/1123","targetHints":{"allow":["GET"]}}],"collection":[{"href":"http:\/\/www.jmoyano.com\/blog\/wp-json\/wp\/v2\/posts"}],"about":[{"href":"http:\/\/www.jmoyano.com\/blog\/wp-json\/wp\/v2\/types\/post"}],"author":[{"embeddable":true,"href":"http:\/\/www.jmoyano.com\/blog\/wp-json\/wp\/v2\/users\/1"}],"replies":[{"embeddable":true,"href":"http:\/\/www.jmoyano.com\/blog\/wp-json\/wp\/v2\/comments?post=1123"}],"version-history":[{"count":2,"href":"http:\/\/www.jmoyano.com\/blog\/wp-json\/wp\/v2\/posts\/1123\/revisions"}],"predecessor-version":[{"id":1125,"href":"http:\/\/www.jmoyano.com\/blog\/wp-json\/wp\/v2\/posts\/1123\/revisions\/1125"}],"wp:attachment":[{"href":"http:\/\/www.jmoyano.com\/blog\/wp-json\/wp\/v2\/media?parent=1123"}],"wp:term":[{"taxonomy":"category","embeddable":true,"href":"http:\/\/www.jmoyano.com\/blog\/wp-json\/wp\/v2\/categories?post=1123"},{"taxonomy":"post_tag","embeddable":true,"href":"http:\/\/www.jmoyano.com\/blog\/wp-json\/wp\/v2\/tags?post=1123"}],"curies":[{"name":"wp","href":"https:\/\/api.w.org\/{rel}","templated":true}]}}