{"id":1130,"date":"2010-09-01T22:47:55","date_gmt":"2010-09-01T20:47:55","guid":{"rendered":"http:\/\/www.jmoyano.com\/blog\/?p=1130"},"modified":"2010-09-01T23:13:14","modified_gmt":"2010-09-01T21:13:14","slug":"subvencion-al-ayuntamiento-para-cooperacion-internacional","status":"publish","type":"post","link":"http:\/\/www.jmoyano.com\/blog\/2010\/09\/01\/subvencion-al-ayuntamiento-para-cooperacion-internacional\/","title":{"rendered":"Subvenci\u00f3n al Ayuntamiento para cooperaci\u00f3n internacional"},"content":{"rendered":"<p>He encontrado en la<a href=\"http:\/\/www.aecid.es\/web\/es\/\" target=\"_blank\"> Agencia Espa\u00f1ola de Cooperaci\u00f3n y Desarrollo<\/a> la concesi\u00f3n de una subvenci\u00f3n de 111.459 \u20ac para un proyecto de la <a href=\"http:\/\/www.amamoslavida.es.tl\/Inicio.htm\" target=\"_blank\">Fundaci\u00f3n Eudes<\/a> en Colombia. <a href=\"http:\/\/www.aecid.es\/web\/es\/subvenciones\/CAP\/index.html\" target=\"_blank\">Aqu\u00ed<\/a> la p\u00e1gina de concesi\u00f3n y <a href=\"http:\/\/www.jmoyano.com\/blog\/wp-content\/uploads\/2010\/09\/20100813-Subvenci\u00f3n-Ayuntamiento-Alfafar-para-colombia.pdf\" target=\"_blank\">el documento de concesi\u00f3n<\/a>.<\/p>\n<p>Alguien sabe si <strong>el Ayuntamiento de Alfafar ha aceptado la subvenci\u00f3n<\/strong>, si tiene que <strong>hacer alguna aportaci\u00f3n el propio ayuntamiento<\/strong> y los motivos que impulsan a nuestro viajero alcalde a pedir nuevamente dinero para la misma fundaci\u00f3n <strong>a la que se concedi\u00f3 en 2006\u00a0 una ayuda de 120.000 \u20ac<\/strong> <a href=\"http:\/\/www.jmoyano.com\/blog\/wp-content\/uploads\/2010\/09\/Subvenci\u00f3n-a-Colombia-pleno-20061130.pdf\" target=\"_blank\">aqu\u00ed el acta del pleno<\/a><\/p>\n<p>Algunos v\u00eddeos (parecen hechos por el Ayuntamiento de Alfafar) de la Fundaci\u00f3n Eudes y Alfafar:<\/p>\n<iframe loading=\"lazy\" title=\"Fundacion Eudes - Casa de Alfafar - Bayunca, Bolivar, Colombia - Video parte 1\" width=\"500\" height=\"375\" src=\"https:\/\/www.youtube.com\/embed\/qoa9QnypojU?feature=oembed\" frameborder=\"0\" allow=\"accelerometer; autoplay; clipboard-write; encrypted-media; gyroscope; picture-in-picture; web-share\" referrerpolicy=\"strict-origin-when-cross-origin\" allowfullscreen><\/iframe>\n<iframe loading=\"lazy\" title=\"Fundacion Eudes - Casa de Alfafar - Bayunca, Bolivar, Colombia - Video parte 2\" width=\"500\" height=\"375\" src=\"https:\/\/www.youtube.com\/embed\/j5Lk2XuRTIA?feature=oembed\" frameborder=\"0\" allow=\"accelerometer; autoplay; clipboard-write; encrypted-media; gyroscope; picture-in-picture; web-share\" referrerpolicy=\"strict-origin-when-cross-origin\" allowfullscreen><\/iframe>\n<p>Y como siempre, \u00bfquien decide pedir la subvenci\u00f3n para ese proyecto?<\/p>\n","protected":false},"excerpt":{"rendered":"<p>He encontrado en la Agencia Espa\u00f1ola de Cooperaci\u00f3n y Desarrollo la concesi\u00f3n de una subvenci\u00f3n de 111.459 \u20ac para un proyecto de la Fundaci\u00f3n Eudes en Colombia. Aqu\u00ed la p\u00e1gina de concesi\u00f3n y el documento de concesi\u00f3n. Alguien sabe si el Ayuntamiento de Alfafar ha aceptado la subvenci\u00f3n, si tiene que hacer alguna aportaci\u00f3n el [&hellip;]<\/p>\n","protected":false},"author":1,"featured_media":0,"comment_status":"open","ping_status":"open","sticky":false,"template":"","format":"standard","meta":{"footnotes":""},"categories":[22,5],"tags":[15,105,165,14,42],"class_list":["post-1130","post","type-post","status-publish","format-standard","hentry","category-ayuntamiento-de-alfafar","category-opinion","tag-alfafar","tag-fundacion-eudes","tag-participacion-ciudadana","tag-solidaridad","tag-subvenciones"],"_links":{"self":[{"href":"http:\/\/www.jmoyano.com\/blog\/wp-json\/wp\/v2\/posts\/1130","targetHints":{"allow":["GET"]}}],"collection":[{"href":"http:\/\/www.jmoyano.com\/blog\/wp-json\/wp\/v2\/posts"}],"about":[{"href":"http:\/\/www.jmoyano.com\/blog\/wp-json\/wp\/v2\/types\/post"}],"author":[{"embeddable":true,"href":"http:\/\/www.jmoyano.com\/blog\/wp-json\/wp\/v2\/users\/1"}],"replies":[{"embeddable":true,"href":"http:\/\/www.jmoyano.com\/blog\/wp-json\/wp\/v2\/comments?post=1130"}],"version-history":[{"count":9,"href":"http:\/\/www.jmoyano.com\/blog\/wp-json\/wp\/v2\/posts\/1130\/revisions"}],"predecessor-version":[{"id":1140,"href":"http:\/\/www.jmoyano.com\/blog\/wp-json\/wp\/v2\/posts\/1130\/revisions\/1140"}],"wp:attachment":[{"href":"http:\/\/www.jmoyano.com\/blog\/wp-json\/wp\/v2\/media?parent=1130"}],"wp:term":[{"taxonomy":"category","embeddable":true,"href":"http:\/\/www.jmoyano.com\/blog\/wp-json\/wp\/v2\/categories?post=1130"},{"taxonomy":"post_tag","embeddable":true,"href":"http:\/\/www.jmoyano.com\/blog\/wp-json\/wp\/v2\/tags?post=1130"}],"curies":[{"name":"wp","href":"https:\/\/api.w.org\/{rel}","templated":true}]}}