{"id":1563,"date":"2011-04-10T04:56:53","date_gmt":"2011-04-10T02:56:53","guid":{"rendered":"http:\/\/www.jmoyano.com\/blog\/?p=1563"},"modified":"2011-04-10T05:13:13","modified_gmt":"2011-04-10T03:13:13","slug":"ta-rueda-fino-el-blog","status":"publish","type":"post","link":"http:\/\/www.jmoyano.com\/blog\/2011\/04\/10\/ta-rueda-fino-el-blog\/","title":{"rendered":"Ya \u00abrueda fino\u00bb el blog."},"content":{"rendered":"<p>Para los autodidactas cambiar de alojamiento de una web siempre es un l\u00edo. Parece que ya funciona bien.<\/p>\n<p>Aprovecho la entrada para invitaros a la VIII Edici\u00f3n del Rastrillo Solidario organizado por la Asociaci\u00f3n de Vecinos del Parque Alcosa -Los Alfalares que celebramos hoy mismo.<\/p>\n<p><a href=\"http:\/\/www.jmoyano.com\/blog\/wp-content\/uploads\/2011\/04\/Convocatoria-rastrillo.png\"><img loading=\"lazy\" decoding=\"async\" class=\"aligncenter size-full wp-image-1564\" title=\"Convocatoria rastrillo\" src=\"http:\/\/www.jmoyano.com\/blog\/wp-content\/uploads\/2011\/04\/Convocatoria-rastrillo.png\" alt=\"\" width=\"442\" height=\"630\" srcset=\"http:\/\/www.jmoyano.com\/blog\/wp-content\/uploads\/2011\/04\/Convocatoria-rastrillo.png 442w, http:\/\/www.jmoyano.com\/blog\/wp-content\/uploads\/2011\/04\/Convocatoria-rastrillo-210x300.png 210w\" sizes=\"auto, (max-width: 442px) 100vw, 442px\" \/><\/a><\/p>\n","protected":false},"excerpt":{"rendered":"<p>Para los autodidactas cambiar de alojamiento de una web siempre es un l\u00edo. Parece que ya funciona bien. Aprovecho la entrada para invitaros a la VIII Edici\u00f3n del Rastrillo Solidario organizado por la Asociaci\u00f3n de Vecinos del Parque Alcosa -Los Alfalares que celebramos hoy mismo.<\/p>\n","protected":false},"author":1,"featured_media":0,"comment_status":"open","ping_status":"open","sticky":false,"template":"","format":"standard","meta":{"footnotes":""},"categories":[36],"tags":[15,143],"class_list":["post-1563","post","type-post","status-publish","format-standard","hentry","category-situacion-del-barrio","tag-alfafar","tag-rastrillo-solidario"],"_links":{"self":[{"href":"http:\/\/www.jmoyano.com\/blog\/wp-json\/wp\/v2\/posts\/1563","targetHints":{"allow":["GET"]}}],"collection":[{"href":"http:\/\/www.jmoyano.com\/blog\/wp-json\/wp\/v2\/posts"}],"about":[{"href":"http:\/\/www.jmoyano.com\/blog\/wp-json\/wp\/v2\/types\/post"}],"author":[{"embeddable":true,"href":"http:\/\/www.jmoyano.com\/blog\/wp-json\/wp\/v2\/users\/1"}],"replies":[{"embeddable":true,"href":"http:\/\/www.jmoyano.com\/blog\/wp-json\/wp\/v2\/comments?post=1563"}],"version-history":[{"count":5,"href":"http:\/\/www.jmoyano.com\/blog\/wp-json\/wp\/v2\/posts\/1563\/revisions"}],"predecessor-version":[{"id":1567,"href":"http:\/\/www.jmoyano.com\/blog\/wp-json\/wp\/v2\/posts\/1563\/revisions\/1567"}],"wp:attachment":[{"href":"http:\/\/www.jmoyano.com\/blog\/wp-json\/wp\/v2\/media?parent=1563"}],"wp:term":[{"taxonomy":"category","embeddable":true,"href":"http:\/\/www.jmoyano.com\/blog\/wp-json\/wp\/v2\/categories?post=1563"},{"taxonomy":"post_tag","embeddable":true,"href":"http:\/\/www.jmoyano.com\/blog\/wp-json\/wp\/v2\/tags?post=1563"}],"curies":[{"name":"wp","href":"https:\/\/api.w.org\/{rel}","templated":true}]}}