{"id":1730,"date":"2011-05-31T10:30:11","date_gmt":"2011-05-31T08:30:11","guid":{"rendered":"http:\/\/www.jmoyano.com\/blog\/?p=1730"},"modified":"2011-05-31T10:30:11","modified_gmt":"2011-05-31T08:30:11","slug":"manuel-castells-en-plaza-catalunya-27-05-2011","status":"publish","type":"post","link":"http:\/\/www.jmoyano.com\/blog\/2011\/05\/31\/manuel-castells-en-plaza-catalunya-27-05-2011\/","title":{"rendered":"Manuel Castells en Plaza Catalunya (27-05-2011)"},"content":{"rendered":"<p>Es una l\u00e1stima que no est\u00e9 el coloquio. La intervenci\u00f3n es espl\u00e9ndida. (V\u00eda<a href=\"http:\/\/www.vilaweb.cat\/\" target=\"_blank\"> VilaWeb<\/a> <a href=\"http:\/\/www.vilaweb.tv\/\" target=\"_blank\">Televisi\u00f2<\/a>)<\/p>\n<p style=\"text-align: center;\"><iframe loading=\"lazy\" width=\"480\" height=\"360\" src=\"https:\/\/www.youtube.com\/embed\/2nWa32CTfxs?feature=oembed\" frameborder=\"0\" allowfullscreen><\/iframe><\/p>\n<p style=\"text-align: center;\">1 de 4<\/p>\n<p style=\"text-align: center;\"><iframe loading=\"lazy\" width=\"480\" height=\"360\" src=\"https:\/\/www.youtube.com\/embed\/TKfr_EA4ey0?feature=oembed\" frameborder=\"0\" allowfullscreen><\/iframe><\/p>\n<p style=\"text-align: center;\">2 de 4<\/p>\n<p style=\"text-align: center;\"><iframe loading=\"lazy\" width=\"480\" height=\"360\" src=\"https:\/\/www.youtube.com\/embed\/ZT3XoHHzonA?feature=oembed\" frameborder=\"0\" allowfullscreen><\/iframe><\/p>\n<p style=\"text-align: center;\">3 de 4<\/p>\n<p style=\"text-align: center;\"><iframe loading=\"lazy\" width=\"480\" height=\"360\" src=\"https:\/\/www.youtube.com\/embed\/wAVr2NcpFLA?feature=oembed\" frameborder=\"0\" allowfullscreen><\/iframe><\/p>\n<p style=\"text-align: center;\">4 de 4<\/p>\n","protected":false},"excerpt":{"rendered":"<p>Es una l\u00e1stima que no est\u00e9 el coloquio. La intervenci\u00f3n es espl\u00e9ndida. (V\u00eda VilaWeb Televisi\u00f2) 1 de 4 2 de 4 3 de 4 4 de 4<\/p>\n","protected":false},"author":1,"featured_media":0,"comment_status":"open","ping_status":"open","sticky":false,"template":"","format":"standard","meta":{"footnotes":""},"categories":[75,23],"tags":[161,150,160,165],"class_list":["post-1730","post","type-post","status-publish","format-standard","hentry","category-otro-mundo-es-posible","category-participacion-ciudadana","tag-acampadabcn","tag-democracia-real-ya","tag-manuel-castells","tag-participacion-ciudadana"],"_links":{"self":[{"href":"http:\/\/www.jmoyano.com\/blog\/wp-json\/wp\/v2\/posts\/1730","targetHints":{"allow":["GET"]}}],"collection":[{"href":"http:\/\/www.jmoyano.com\/blog\/wp-json\/wp\/v2\/posts"}],"about":[{"href":"http:\/\/www.jmoyano.com\/blog\/wp-json\/wp\/v2\/types\/post"}],"author":[{"embeddable":true,"href":"http:\/\/www.jmoyano.com\/blog\/wp-json\/wp\/v2\/users\/1"}],"replies":[{"embeddable":true,"href":"http:\/\/www.jmoyano.com\/blog\/wp-json\/wp\/v2\/comments?post=1730"}],"version-history":[{"count":3,"href":"http:\/\/www.jmoyano.com\/blog\/wp-json\/wp\/v2\/posts\/1730\/revisions"}],"predecessor-version":[{"id":1733,"href":"http:\/\/www.jmoyano.com\/blog\/wp-json\/wp\/v2\/posts\/1730\/revisions\/1733"}],"wp:attachment":[{"href":"http:\/\/www.jmoyano.com\/blog\/wp-json\/wp\/v2\/media?parent=1730"}],"wp:term":[{"taxonomy":"category","embeddable":true,"href":"http:\/\/www.jmoyano.com\/blog\/wp-json\/wp\/v2\/categories?post=1730"},{"taxonomy":"post_tag","embeddable":true,"href":"http:\/\/www.jmoyano.com\/blog\/wp-json\/wp\/v2\/tags?post=1730"}],"curies":[{"name":"wp","href":"https:\/\/api.w.org\/{rel}","templated":true}]}}