{"id":303,"date":"2010-03-27T15:32:59","date_gmt":"2010-03-27T14:32:59","guid":{"rendered":"http:\/\/www.jmoyano.com\/blog\/?p=303"},"modified":"2010-03-27T15:57:50","modified_gmt":"2010-03-27T14:57:50","slug":"situacion-del-edificio-del-centro-social-del-parque-alfafar","status":"publish","type":"post","link":"http:\/\/www.jmoyano.com\/blog\/2010\/03\/27\/situacion-del-edificio-del-centro-social-del-parque-alfafar\/","title":{"rendered":"Situaci\u00f3n del edificio del Centro Social del Parque (Alfafar)"},"content":{"rendered":"<p style=\"text-align: center;\">\n<div id=\"attachment_309\" style=\"width: 310px\" class=\"wp-caption aligncenter\"><a href=\"http:\/\/www.jmoyano.com\/blog\/wp-content\/uploads\/2010\/03\/20100327-Centro-social.jpg\" target=\"_blank\"><img loading=\"lazy\" decoding=\"async\" aria-describedby=\"caption-attachment-309\" class=\"size-medium wp-image-309 \" title=\"Entrada Centro Social del Parque\" src=\"http:\/\/www.jmoyano.com\/blog\/wp-content\/uploads\/2010\/03\/20100327-Centro-social-300x225.jpg\" alt=\"\" width=\"300\" height=\"225\" srcset=\"http:\/\/www.jmoyano.com\/blog\/wp-content\/uploads\/2010\/03\/20100327-Centro-social-300x225.jpg 300w, http:\/\/www.jmoyano.com\/blog\/wp-content\/uploads\/2010\/03\/20100327-Centro-social-1024x768.jpg 1024w\" sizes=\"auto, (max-width: 300px) 100vw, 300px\" \/><\/a><p id=\"caption-attachment-309\" class=\"wp-caption-text\">Clic para ampliar<\/p><\/div>\n<p style=\"text-align: center;\">Una galer\u00eda de fotos de la situaci\u00f3n de la segunda planta del edificio comercial del parque tomada hoy mismo:<\/p>\n<p style=\"text-align: center;\"><a href=\"http:\/\/www.flickr.com\/photos\/julianmoyano\/sets\/72157623588461695\/detail\/\" target=\"_blank\">Centro Social del Parque<\/a> en Flickr (Galer\u00eda)<\/p>\n<p style=\"text-align: center;\"><a href=\"http:\/\/www.flickr.com\/photos\/julianmoyano\/sets\/72157623588461695\/show\/\" target=\"_blank\">Centro Social del Parque<\/a> en Flickr (Presentaci\u00f3n)<\/p>\n","protected":false},"excerpt":{"rendered":"<p>Una galer\u00eda de fotos de la situaci\u00f3n de la segunda planta del edificio comercial del parque tomada hoy mismo: Centro Social del Parque en Flickr (Galer\u00eda) Centro Social del Parque en Flickr (Presentaci\u00f3n)<\/p>\n","protected":false},"author":1,"featured_media":0,"comment_status":"open","ping_status":"open","sticky":false,"template":"","format":"standard","meta":{"footnotes":""},"categories":[36],"tags":[15,35,34],"class_list":["post-303","post","type-post","status-publish","format-standard","hentry","category-situacion-del-barrio","tag-alfafar","tag-barrio-orba","tag-centro-social-del-parque"],"_links":{"self":[{"href":"http:\/\/www.jmoyano.com\/blog\/wp-json\/wp\/v2\/posts\/303","targetHints":{"allow":["GET"]}}],"collection":[{"href":"http:\/\/www.jmoyano.com\/blog\/wp-json\/wp\/v2\/posts"}],"about":[{"href":"http:\/\/www.jmoyano.com\/blog\/wp-json\/wp\/v2\/types\/post"}],"author":[{"embeddable":true,"href":"http:\/\/www.jmoyano.com\/blog\/wp-json\/wp\/v2\/users\/1"}],"replies":[{"embeddable":true,"href":"http:\/\/www.jmoyano.com\/blog\/wp-json\/wp\/v2\/comments?post=303"}],"version-history":[{"count":9,"href":"http:\/\/www.jmoyano.com\/blog\/wp-json\/wp\/v2\/posts\/303\/revisions"}],"predecessor-version":[{"id":307,"href":"http:\/\/www.jmoyano.com\/blog\/wp-json\/wp\/v2\/posts\/303\/revisions\/307"}],"wp:attachment":[{"href":"http:\/\/www.jmoyano.com\/blog\/wp-json\/wp\/v2\/media?parent=303"}],"wp:term":[{"taxonomy":"category","embeddable":true,"href":"http:\/\/www.jmoyano.com\/blog\/wp-json\/wp\/v2\/categories?post=303"},{"taxonomy":"post_tag","embeddable":true,"href":"http:\/\/www.jmoyano.com\/blog\/wp-json\/wp\/v2\/tags?post=303"}],"curies":[{"name":"wp","href":"https:\/\/api.w.org\/{rel}","templated":true}]}}