{"id":424,"date":"2010-04-02T00:15:51","date_gmt":"2010-04-01T22:15:51","guid":{"rendered":"http:\/\/www.jmoyano.com\/blog\/?p=424"},"modified":"2010-04-02T00:34:57","modified_gmt":"2010-04-01T22:34:57","slug":"economia-sostenible-en-alfafar","status":"publish","type":"post","link":"http:\/\/www.jmoyano.com\/blog\/2010\/04\/02\/economia-sostenible-en-alfafar\/","title":{"rendered":"Econom\u00eda sostenible en Alfafar"},"content":{"rendered":"<p style=\"text-align: justify;\">Estos chicos del equipo de gobierno del Ayuntamiento de Alfafar son unos cachondos.<\/p>\n<p style=\"text-align: justify;\">Enmarcado en el Plan Zapatero-2 no han tenido mejor idea que gastarse 705.815,79 \u20ac ( 117 millones de pesetas) en construir un <strong>tanatorio municipal<\/strong>. Muertos no faltar\u00e1n\u00a0 y\u00a0 el tanatorio es un proyecto emblem\u00e1tico de econom\u00eda sostenible.<\/p>\n<p style=\"text-align: justify;\">Los pol\u00edticos deben fijar prioridades y decidir en que se gastan el poquito dinero que tienen. A nuestro ayuntamiento \u00aben quiebra\u00bb ni si le ocurre invertir en otras obras que garanticen un mejor futuro. Eso de escuchar a la sociedad civil intentando que \u00abentre todos\u00bb  encontremos lo mejor para el pueblo est\u00e1 muy alejado de su  comportamiento.<\/p>\n<p style=\"text-align: justify;\">En mi opini\u00f3n gastan el dinero llegado de Madrid en obras que les permitan llegar a las pr\u00f3ximas elecciones municipales explicando lo mucho que hacen.<\/p>\n<div id=\"attachment_423\" style=\"width: 310px\" class=\"wp-caption aligncenter\"><a href=\"http:\/\/www.jmoyano.com\/blog\/wp-content\/uploads\/2010\/04\/Tanatorio.png\" target=\"_blank\"><img loading=\"lazy\" decoding=\"async\" aria-describedby=\"caption-attachment-423\" class=\"size-medium wp-image-423 \" title=\"Tanatorio \" src=\"http:\/\/www.jmoyano.com\/blog\/wp-content\/uploads\/2010\/04\/Tanatorio-300x191.png\" alt=\"\" width=\"300\" height=\"191\" srcset=\"http:\/\/www.jmoyano.com\/blog\/wp-content\/uploads\/2010\/04\/Tanatorio-300x191.png 300w, http:\/\/www.jmoyano.com\/blog\/wp-content\/uploads\/2010\/04\/Tanatorio-1024x652.png 1024w, http:\/\/www.jmoyano.com\/blog\/wp-content\/uploads\/2010\/04\/Tanatorio.png 1108w\" sizes=\"auto, (max-width: 300px) 100vw, 300px\" \/><\/a><p id=\"caption-attachment-423\" class=\"wp-caption-text\">Pincha para ampliar<\/p><\/div>\n<p>El tanatorio se construir\u00e1 en el recinto vallado de la ampliaci\u00f3n del cementerio. Se puede ver pinchando en la foto<\/p>\n<div id=\"attachment_430\" style=\"width: 160px\" class=\"wp-caption aligncenter\"><a href=\"http:\/\/www.jmoyano.com\/blog\/wp-content\/uploads\/2010\/04\/Tanatorio_ubicaci\u00f3n.png\" target=\"_blank\"><img loading=\"lazy\" decoding=\"async\" aria-describedby=\"caption-attachment-430\" class=\"size-thumbnail wp-image-430 \" title=\"Tanatorio_ubicaci\u00f3n\" src=\"http:\/\/www.jmoyano.com\/blog\/wp-content\/uploads\/2010\/04\/Tanatorio_ubicaci\u00f3n-150x150.png\" alt=\"\" width=\"150\" height=\"150\" \/><\/a><p id=\"caption-attachment-430\" class=\"wp-caption-text\">Pincha para ampliar<\/p><\/div>\n<p><strong>PD: Si alguien conoce a <em>\u00ab<\/em><em>Intra2 Arquitectura i Urbanisme S.L.P<\/em><em>\u00ab<\/em> o <em>a <\/em>Francisco Alonso Aguilar uno de sus arquitectos y firmante del proyecto agradecer\u00eda cualquier informaci\u00f3n. \u00daltimamente realizan bastantes trabajos para el Ayuntamiento de Alfafar. <a href=\"http:\/\/www.intra2.es\" target=\"_blank\">Aqu\u00ed<\/a> su Web.<\/strong><\/p>\n","protected":false},"excerpt":{"rendered":"<p>Estos chicos del equipo de gobierno del Ayuntamiento de Alfafar son unos cachondos. Enmarcado en el Plan Zapatero-2 no han tenido mejor idea que gastarse 705.815,79 \u20ac ( 117 millones de pesetas) en construir un tanatorio municipal. Muertos no faltar\u00e1n\u00a0 y\u00a0 el tanatorio es un proyecto emblem\u00e1tico de econom\u00eda sostenible. Los pol\u00edticos deben fijar prioridades [&hellip;]<\/p>\n","protected":false},"author":1,"featured_media":0,"comment_status":"open","ping_status":"open","sticky":false,"template":"","format":"standard","meta":{"footnotes":""},"categories":[22,5],"tags":[15,48,49],"class_list":["post-424","post","type-post","status-publish","format-standard","hentry","category-ayuntamiento-de-alfafar","category-opinion","tag-alfafar","tag-economia-sostenible","tag-intra2-arquitectura-i-urbanisme-s-l-p"],"_links":{"self":[{"href":"http:\/\/www.jmoyano.com\/blog\/wp-json\/wp\/v2\/posts\/424","targetHints":{"allow":["GET"]}}],"collection":[{"href":"http:\/\/www.jmoyano.com\/blog\/wp-json\/wp\/v2\/posts"}],"about":[{"href":"http:\/\/www.jmoyano.com\/blog\/wp-json\/wp\/v2\/types\/post"}],"author":[{"embeddable":true,"href":"http:\/\/www.jmoyano.com\/blog\/wp-json\/wp\/v2\/users\/1"}],"replies":[{"embeddable":true,"href":"http:\/\/www.jmoyano.com\/blog\/wp-json\/wp\/v2\/comments?post=424"}],"version-history":[{"count":7,"href":"http:\/\/www.jmoyano.com\/blog\/wp-json\/wp\/v2\/posts\/424\/revisions"}],"predecessor-version":[{"id":432,"href":"http:\/\/www.jmoyano.com\/blog\/wp-json\/wp\/v2\/posts\/424\/revisions\/432"}],"wp:attachment":[{"href":"http:\/\/www.jmoyano.com\/blog\/wp-json\/wp\/v2\/media?parent=424"}],"wp:term":[{"taxonomy":"category","embeddable":true,"href":"http:\/\/www.jmoyano.com\/blog\/wp-json\/wp\/v2\/categories?post=424"},{"taxonomy":"post_tag","embeddable":true,"href":"http:\/\/www.jmoyano.com\/blog\/wp-json\/wp\/v2\/tags?post=424"}],"curies":[{"name":"wp","href":"https:\/\/api.w.org\/{rel}","templated":true}]}}