{"id":589,"date":"2010-04-26T00:10:51","date_gmt":"2010-04-25T22:10:51","guid":{"rendered":"http:\/\/www.jmoyano.com\/blog\/?p=589"},"modified":"2010-08-08T20:57:20","modified_gmt":"2010-08-08T18:57:20","slug":"589","status":"publish","type":"post","link":"http:\/\/www.jmoyano.com\/blog\/2010\/04\/26\/589\/","title":{"rendered":"Alfafar: Podium de cobros por indemnizaciones de concejales (febrero)"},"content":{"rendered":"<p style=\"text-align: justify;\"><!-- \t\t@page { margin: 2cm } \t\tP { margin-bottom: 0.21cm } -->Hace algunos meses en un acto de confidencialidad inesperado, un militante del PSPV-PSOE me manifest\u00f3 que en la Agrupaci\u00f3n Local de Alfafar exist\u00edan muchos <strong>socialistos<\/strong> y pocos socialistas. La distinci\u00f3n sencilla: los socialistos eran los que buscaban un sueldo y los socialistas no.<\/p>\n<p style=\"text-align: justify;\">El militante en cuesti\u00f3n olvid\u00f3 que algunos de nuestros regidores no cobran  sueldos. Cobran indemnizaciones por asistencia a plenos, comisiones de gobierno, mesas de contrataci\u00f3n, reuniones de juntas, etc. etc.<\/p>\n<p>Intentar\u00e9 (si puedo conseguir los datos que parecen m\u00e1s secretos que los misiles nucleares de Israel) dejar cada mes el podium de los mejores retribuidos.<\/p>\n<p>En el mes de febrero de 2010 los ganadores son:<\/p>\n<p style=\"text-align: center;\"><a href=\"http:\/\/www.jmoyano.com\/blog\/wp-content\/uploads\/2010\/04\/Emilio-Mu\u00f1oz.jpg\"><img loading=\"lazy\" decoding=\"async\" class=\"aligncenter size-full wp-image-586\" title=\"Emilio Mu\u00f1oz Garc\u00eda\" src=\"http:\/\/www.jmoyano.com\/blog\/wp-content\/uploads\/2010\/04\/Emilio-Mu\u00f1oz.jpg\" alt=\"\" width=\"80\" height=\"103\" \/><\/a><strong>1\u00ba <\/strong>Emilio Mu\u00f1oz Garc\u00eda:\u00a0 <strong>5.100 \u20ac<\/strong><\/p>\n<p style=\"text-align: center;\"><a href=\"http:\/\/www.jmoyano.com\/blog\/wp-content\/uploads\/2010\/04\/Manuel-Campayo.jpg\"><img loading=\"lazy\" decoding=\"async\" class=\"aligncenter size-full wp-image-587\" title=\"Manuel Campayo\" src=\"http:\/\/www.jmoyano.com\/blog\/wp-content\/uploads\/2010\/04\/Manuel-Campayo.jpg\" alt=\"\" width=\"80\" height=\"103\" \/><\/a><strong>2\u00ba<\/strong> Manuel Campayo Rodr\u00edguez: <strong>3.000 \u20ac<\/strong><\/p>\n<p style=\"text-align: center;\"><a href=\"http:\/\/www.jmoyano.com\/blog\/wp-content\/uploads\/2010\/04\/Santiago-Giner.jpg\"><img loading=\"lazy\" decoding=\"async\" class=\"aligncenter size-full wp-image-588\" title=\"Santiago Giner\" src=\"http:\/\/www.jmoyano.com\/blog\/wp-content\/uploads\/2010\/04\/Santiago-Giner.jpg\" alt=\"\" width=\"80\" height=\"103\" \/><\/a><strong>3\u00ba<\/strong> Rafael Santiago Giner L\u00f3pez: <strong>1.800 \u20ac<\/strong><a href=\"http:\/\/www.jmoyano.com\/blog\/wp-content\/uploads\/2010\/04\/Emilio-Mu\u00f1oz.jpg\"><\/a><\/p>\n<p style=\"text-align: justify;\">En total nuestros concejales han cobrado durante el mes de febrero <strong>15.800 \u20ac de indemnizaciones<\/strong>. Los sueldos que cobran, los gastos en asesores, los de representaci\u00f3n, etc. etc. son otra cuenta distinta.<\/p>\n<p style=\"text-align: justify;\">Una desverg\u00fcenza.<\/p>\n<p style=\"text-align: justify;\">\n<p style=\"text-align: justify;\">Por motivos de confidencialidad no puede indicar la fuente de la noticia pero tengo copias de los documentos que prueban los datos descritos<\/p>\n","protected":false},"excerpt":{"rendered":"<p>Hace algunos meses en un acto de confidencialidad inesperado, un militante del PSPV-PSOE me manifest\u00f3 que en la Agrupaci\u00f3n Local de Alfafar exist\u00edan muchos socialistos y pocos socialistas. La distinci\u00f3n sencilla: los socialistos eran los que buscaban un sueldo y los socialistas no. El militante en cuesti\u00f3n olvid\u00f3 que algunos de nuestros regidores no cobran [&hellip;]<\/p>\n","protected":false},"author":1,"featured_media":0,"comment_status":"open","ping_status":"open","sticky":false,"template":"","format":"standard","meta":{"footnotes":""},"categories":[22,5],"tags":[15,16,62,84],"class_list":["post-589","post","type-post","status-publish","format-standard","hentry","category-ayuntamiento-de-alfafar","category-opinion","tag-alfafar","tag-emilio-munoz-garcia","tag-manuel-campayo-rodriguez","tag-rafael-santiago-giner-lopez"],"_links":{"self":[{"href":"http:\/\/www.jmoyano.com\/blog\/wp-json\/wp\/v2\/posts\/589","targetHints":{"allow":["GET"]}}],"collection":[{"href":"http:\/\/www.jmoyano.com\/blog\/wp-json\/wp\/v2\/posts"}],"about":[{"href":"http:\/\/www.jmoyano.com\/blog\/wp-json\/wp\/v2\/types\/post"}],"author":[{"embeddable":true,"href":"http:\/\/www.jmoyano.com\/blog\/wp-json\/wp\/v2\/users\/1"}],"replies":[{"embeddable":true,"href":"http:\/\/www.jmoyano.com\/blog\/wp-json\/wp\/v2\/comments?post=589"}],"version-history":[{"count":17,"href":"http:\/\/www.jmoyano.com\/blog\/wp-json\/wp\/v2\/posts\/589\/revisions"}],"predecessor-version":[{"id":905,"href":"http:\/\/www.jmoyano.com\/blog\/wp-json\/wp\/v2\/posts\/589\/revisions\/905"}],"wp:attachment":[{"href":"http:\/\/www.jmoyano.com\/blog\/wp-json\/wp\/v2\/media?parent=589"}],"wp:term":[{"taxonomy":"category","embeddable":true,"href":"http:\/\/www.jmoyano.com\/blog\/wp-json\/wp\/v2\/categories?post=589"},{"taxonomy":"post_tag","embeddable":true,"href":"http:\/\/www.jmoyano.com\/blog\/wp-json\/wp\/v2\/tags?post=589"}],"curies":[{"name":"wp","href":"https:\/\/api.w.org\/{rel}","templated":true}]}}