{"id":657,"date":"2010-05-04T00:05:06","date_gmt":"2010-05-03T22:05:06","guid":{"rendered":"http:\/\/www.jmoyano.com\/blog\/?p=657"},"modified":"2010-05-02T23:20:32","modified_gmt":"2010-05-02T21:20:32","slug":"grecia-comentario-a-una-noticia-del-diario-publico","status":"publish","type":"post","link":"http:\/\/www.jmoyano.com\/blog\/2010\/05\/04\/grecia-comentario-a-una-noticia-del-diario-publico\/","title":{"rendered":"Grecia: Comentario a una noticia del diario P\u00fablico"},"content":{"rendered":"<p style=\"text-align: justify;\">En muchas ocasiones encuentras gente que es capaz de explicar lo que sientes mucho mejor de lo que t\u00fa mismo. En \u00e9stos casos es mejor copiar y pegar que intentar escribir algo m\u00e1s adecuado (siempre tuve claro que no soy un buen escribidor).<\/p>\n<blockquote>\n<p style=\"text-align: justify;\"><em>Dice al final: \u00abEl programa de ajuste agravar\u00e1 la recesi\u00f3n en Grecia\u00bb<br \/>\nEsperemos que los trabajadores griegos sepan estar a la altura y  defiendan con valor sus derechos, y que su lucha sirva de ejemplo para  los siguientes planes de saqueo que se ciernen sobre otros Estados de  Europa.<br \/>\nNo s\u00f3lo agravar\u00e1 la recesi\u00f3n, sino que llevar\u00e1 a la ruina a muchos  trabajadores por a\u00f1os y a\u00f1os. Y es que la recuperaci\u00f3n econ\u00f3mica y la  ruina de los ciudadanos ya no se relacionan inversamente sino  directamente. La econom\u00eda puede volver a crecer pero no lo har\u00e1n los  salarios ni la calidad de los empleos ni las ventajas sociales puesto  que la recuperaci\u00f3n se hace sobre las espaldas de los trabajadores, y a  la espera de un nuevo fiasco del capital y de otro plan de saqueo y  explotaci\u00f3n.<\/em><br \/>\n<em>Eso es lo que pregona la vulgata monetarista s\u00f3lo que a\u00f1adiendo  toneladas de demagogia y propaganda.<\/em><\/p>\n<\/blockquote>\n<p style=\"text-align: justify;\"><a href=\"http:\/\/www.publico.es\/dinero\/309667\/eurozona\/acuerda\/prestamo\/80-000\/millones\/grecia#comentario-3\" target=\"_blank\">Aqu\u00ed<\/a> el comentario y <a href=\"http:\/\/www.publico.es\/309667\" target=\"_blank\">aqu\u00ed<\/a> la  noticia.<\/p>\n","protected":false},"excerpt":{"rendered":"<p>En muchas ocasiones encuentras gente que es capaz de explicar lo que sientes mucho mejor de lo que t\u00fa mismo. En \u00e9stos casos es mejor copiar y pegar que intentar escribir algo m\u00e1s adecuado (siempre tuve claro que no soy un buen escribidor). Dice al final: \u00abEl programa de ajuste agravar\u00e1 la recesi\u00f3n en Grecia\u00bb [&hellip;]<\/p>\n","protected":false},"author":1,"featured_media":0,"comment_status":"open","ping_status":"open","sticky":false,"template":"","format":"standard","meta":{"footnotes":""},"categories":[8,5],"tags":[32,48,165,10],"class_list":["post-657","post","type-post","status-publish","format-standard","hentry","category-copiadoypagado","category-opinion","tag-crisis-economica","tag-economia-sostenible","tag-participacion-ciudadana","tag-publico"],"_links":{"self":[{"href":"http:\/\/www.jmoyano.com\/blog\/wp-json\/wp\/v2\/posts\/657","targetHints":{"allow":["GET"]}}],"collection":[{"href":"http:\/\/www.jmoyano.com\/blog\/wp-json\/wp\/v2\/posts"}],"about":[{"href":"http:\/\/www.jmoyano.com\/blog\/wp-json\/wp\/v2\/types\/post"}],"author":[{"embeddable":true,"href":"http:\/\/www.jmoyano.com\/blog\/wp-json\/wp\/v2\/users\/1"}],"replies":[{"embeddable":true,"href":"http:\/\/www.jmoyano.com\/blog\/wp-json\/wp\/v2\/comments?post=657"}],"version-history":[{"count":19,"href":"http:\/\/www.jmoyano.com\/blog\/wp-json\/wp\/v2\/posts\/657\/revisions"}],"predecessor-version":[{"id":659,"href":"http:\/\/www.jmoyano.com\/blog\/wp-json\/wp\/v2\/posts\/657\/revisions\/659"}],"wp:attachment":[{"href":"http:\/\/www.jmoyano.com\/blog\/wp-json\/wp\/v2\/media?parent=657"}],"wp:term":[{"taxonomy":"category","embeddable":true,"href":"http:\/\/www.jmoyano.com\/blog\/wp-json\/wp\/v2\/categories?post=657"},{"taxonomy":"post_tag","embeddable":true,"href":"http:\/\/www.jmoyano.com\/blog\/wp-json\/wp\/v2\/tags?post=657"}],"curies":[{"name":"wp","href":"https:\/\/api.w.org\/{rel}","templated":true}]}}