{"id":787,"date":"2010-05-23T00:03:18","date_gmt":"2010-05-22T22:03:18","guid":{"rendered":"http:\/\/www.jmoyano.com\/blog\/?p=787"},"modified":"2010-05-25T16:46:26","modified_gmt":"2010-05-25T14:46:26","slug":"los-progresistas-se-reunen","status":"publish","type":"post","link":"http:\/\/www.jmoyano.com\/blog\/2010\/05\/23\/los-progresistas-se-reunen\/","title":{"rendered":"Los progresistas se reunen"},"content":{"rendered":"<p style=\"text-align: justify;\">Esta semana tuvo lugar una nueva reuni\u00f3n de distintos partidos pol\u00edticos que intentan conformar una candidatura \u00abprogresista\u00bb para las pr\u00f3ximas elecciones municipales de del 2011.<\/p>\n<p style=\"text-align: justify;\">Mis noticias apuntan que la reuni\u00f3n no march\u00f3 del todo bien pero seguir\u00e1n intentando el acercamiento.<\/p>\n<p style=\"text-align: justify;\">Son momentos tan complicados para la ciudadan\u00eda que exigen cambiar el \u00abchip\u00bb de los partidos que aspiren a ser decentes y compasivos.<\/p>\n<p style=\"text-align: justify;\">Tenemos un gobierno municipal del PSPV-PSOE dirigido por un Emilio Mu\u00f1oz que parece decidido al abandono del pueblo para evitar asumir el desgaste que supondr\u00e1 en los pr\u00f3ximos a\u00f1os la quiebra de las finanzas municipales, que necesita un nuevo \u00e1rbol en que covijarse (Cortes Valencianas, Cortes Generales, da igual) por si se acaba el flujo de dinero de la Diputaci\u00f3n de Valencia y el Ayuntamiento de Alfafar que le permite comprar varios pisos y mantener un nivel de vida muy por encima de sus capacidades.  Tenemos un gobierno municipal que se sutententa en el amiguismo, el despilfarro y los SUELDOS que han de mantener a toda costa para evitar que la crisis les deje en la misma situaci\u00f3n que a millones de parados, trabajadores y pensionistas: jodidos.<\/p>\n<p style=\"text-align: justify;\">Por otra parte una  oposici\u00f3n del PP-CV internamente dividida y con rencillas personales y pol\u00edticas de calado. Alguna figura emergente del partido m\u00e1s empe\u00f1ada en contratatos para marido e hija en ayuntamientos o instituciones amigas que en programas electorales o en el futuro los ciudadanos. Con una presidenta local que parece m\u00e1s decidida en conseguir los a\u00f1os de cotizaci\u00f3n necesarios para una jubilaci\u00f3n decente que en potenciar a su propio partido.<\/p>\n<p style=\"text-align: justify;\">Ambos partidos m\u00e1s empe\u00f1ados en conservar, y si pueden ampliar, los privilegios de algunos de sus dirigentes que en cumplir con sus obligaciones de representantes de los ciudadanos.<\/p>\n<p style=\"text-align: justify;\">Y con la que est\u00e1 cayendo los \u00abprogresistas\u00bb no consiguen acuerdos para una renovaci\u00f3n \u00e9tica de la clase pol\u00edtica.<\/p>\n<p style=\"text-align: justify;\">Los que creemos que la pol\u00edtica es el camino menos doloroso para mejorar la vida de los ciudadanos acabaremos arrastrados por la marea de la opini\u00f3n p\u00fablica que percibe a los pol\u00edticos como el tercero de sus problemas.<\/p>\n<p>Y al final callaremos espantados si nos dicen:<\/p>\n<p style=\"text-align: center;\"><strong>\u00abTODOS LOS POL\u00cdTICOS SON IGUALES\u00bb<\/strong>.<\/p>\n","protected":false},"excerpt":{"rendered":"<p>Esta semana tuvo lugar una nueva reuni\u00f3n de distintos partidos pol\u00edticos que intentan conformar una candidatura \u00abprogresista\u00bb para las pr\u00f3ximas elecciones municipales de del 2011. Mis noticias apuntan que la reuni\u00f3n no march\u00f3 del todo bien pero seguir\u00e1n intentando el acercamiento. Son momentos tan complicados para la ciudadan\u00eda que exigen cambiar el \u00abchip\u00bb de los [&hellip;]<\/p>\n","protected":false},"author":1,"featured_media":0,"comment_status":"open","ping_status":"open","sticky":false,"template":"","format":"standard","meta":{"footnotes":""},"categories":[22,78,5],"tags":[15,32,45,25,18],"class_list":["post-787","post","type-post","status-publish","format-standard","hentry","category-ayuntamiento-de-alfafar","category-elecciones-municipales-2011","category-opinion","tag-alfafar","tag-crisis-economica","tag-politica-de-letra-pequena","tag-pp-cv","tag-pspv-psoe"],"_links":{"self":[{"href":"http:\/\/www.jmoyano.com\/blog\/wp-json\/wp\/v2\/posts\/787","targetHints":{"allow":["GET"]}}],"collection":[{"href":"http:\/\/www.jmoyano.com\/blog\/wp-json\/wp\/v2\/posts"}],"about":[{"href":"http:\/\/www.jmoyano.com\/blog\/wp-json\/wp\/v2\/types\/post"}],"author":[{"embeddable":true,"href":"http:\/\/www.jmoyano.com\/blog\/wp-json\/wp\/v2\/users\/1"}],"replies":[{"embeddable":true,"href":"http:\/\/www.jmoyano.com\/blog\/wp-json\/wp\/v2\/comments?post=787"}],"version-history":[{"count":4,"href":"http:\/\/www.jmoyano.com\/blog\/wp-json\/wp\/v2\/posts\/787\/revisions"}],"predecessor-version":[{"id":798,"href":"http:\/\/www.jmoyano.com\/blog\/wp-json\/wp\/v2\/posts\/787\/revisions\/798"}],"wp:attachment":[{"href":"http:\/\/www.jmoyano.com\/blog\/wp-json\/wp\/v2\/media?parent=787"}],"wp:term":[{"taxonomy":"category","embeddable":true,"href":"http:\/\/www.jmoyano.com\/blog\/wp-json\/wp\/v2\/categories?post=787"},{"taxonomy":"post_tag","embeddable":true,"href":"http:\/\/www.jmoyano.com\/blog\/wp-json\/wp\/v2\/tags?post=787"}],"curies":[{"name":"wp","href":"https:\/\/api.w.org\/{rel}","templated":true}]}}