{"id":870,"date":"2010-07-08T22:19:03","date_gmt":"2010-07-08T20:19:03","guid":{"rendered":"http:\/\/www.jmoyano.com\/blog\/?p=870"},"modified":"2010-07-08T22:19:03","modified_gmt":"2010-07-08T20:19:03","slug":"zero-responsables-dedicado-a-los-militantes-del-pp","status":"publish","type":"post","link":"http:\/\/www.jmoyano.com\/blog\/2010\/07\/08\/zero-responsables-dedicado-a-los-militantes-del-pp\/","title":{"rendered":"Zero responsables. Dedicado a los militantes del PP"},"content":{"rendered":"<p>Nuestro Molt Honorable muestra su mejor cara<\/p>\n<p><a href=\"http:\/\/www.jmoyano.com\/blog\/wp-content\/uploads\/2010\/07\/Francisco_Camps.jpg\"><img loading=\"lazy\" decoding=\"async\" class=\"aligncenter size-medium wp-image-872\" title=\"Francisco_Camps\" src=\"http:\/\/www.jmoyano.com\/blog\/wp-content\/uploads\/2010\/07\/Francisco_Camps-220x300.jpg\" alt=\"\" width=\"220\" height=\"300\" srcset=\"http:\/\/www.jmoyano.com\/blog\/wp-content\/uploads\/2010\/07\/Francisco_Camps-220x300.jpg 220w, http:\/\/www.jmoyano.com\/blog\/wp-content\/uploads\/2010\/07\/Francisco_Camps.jpg 294w\" sizes=\"auto, (max-width: 220px) 100vw, 220px\" \/><\/a><\/p>\n<p><a href=\"http:\/\/reflexionesybalidos.blogspot.com\/2010\/07\/zero-responsables_07.html\" target=\"_blank\">Reflexiones y baliddos<\/a><\/p>\n<blockquote><p>Compa\u00f1eros y compa\u00f1eras, transcribo  el mensaje que acabo de recibir. Cada uno que saque sus conclusiones.<\/p>\n<p>\u00abAmigos  y amigas<br \/>\nLo que ha pasado y  sigue pasando es muy triste.<\/p>\n<p>Ayer, los casi 50 participantes del espect\u00e1culo ZERO  RESPONSABLES, antes del ensayo general, fueron reunidos e informados por  parte del Vice Rector de Cultura de la Universidad de Valencia, que  Francisco Camps en persona, repito, Francisco Camps, hab\u00eda llamado al  Rector de la Universidad para que se suspendiese la representaci\u00f3n del  espect\u00e1culo y las consecuencias que tendr\u00edan los participantes si no se  le hac\u00eda caso.<\/p>\n<p>La  Universidad le explic\u00f3 que aquello era un acto art\u00edstico, de libre  expresi\u00f3n y de democracia; y que la Universidad no iba a actuar como en  los peores tiempos del Franquismo.<br \/>\nA\u00fan as\u00ed, la Universidad les comunic\u00f3 a los participantes lo  ocurrido para que supiesen a lo que pod\u00edan enfrentar si segu\u00edan  adelante.<\/p>\n<p>Todos y todas  los participantes decidieron continuar adelante pese a que es muy  probable que ahora empiecen a caer actores y actrices de repartos ya  establecidos y acciones similares a las que ya nos tiene acostumbrada  nuestra amiga y mujer preocupada por el sector Inmaculada Gil L\u00e1zaro.  (Desaparici\u00f3n de los premios de Teatres, cambio de nombre de Festivales,  censura, mentiras, programaci\u00f3n de sus amigos, y dem\u00e1s lindezas&#8230;)<\/p>\n<p>Creen los participantes, que las razones de  esto, ha sido la nota de prensa enviada a los medios invitando a  asistir al pase gr\u00e1fico que ha llegado a las manos del equipo de Camps  en donde se le\u00eda un fragmento de la obra.<br \/>\nPor lo visto, Camps, cuando ley\u00f3 el  fragmento entr\u00f3 en c\u00f3lera, y en lugar de recibir a las v\u00edctimas del  accidente, (que es lo que llevan esperando desde hace cuatro a\u00f1os), ha  intentado parar y censurar este acto.<\/p>\n<p>Puesto que es muy posible que esta  informaci\u00f3n no salga en la prensa, os invito a que reenvi\u00e9is este correo  a todos vuestros contactos al igual que os invitamos a la  representaci\u00f3n el d\u00eda 7, 8 y 9 a las 19:00 horas en las Sala Matilde  Salvador. (Entrada libre)<\/p>\n<p>Tenemos que estar ah\u00ed, tenemos que ir.\u00bb     Publicado por Lab. Espectadores   en <a title=\"permanent link\" rel=\"bookmark\" href=\"http:\/\/reflexionesybalidos.blogspot.com\/2010\/07\/zero-responsables_07.html\"><abbr title=\"2010-07-07T12:42:00+02:00\">12:42<\/abbr><\/a><\/p><\/blockquote>\n","protected":false},"excerpt":{"rendered":"<p>Nuestro Molt Honorable muestra su mejor cara Reflexiones y baliddos Compa\u00f1eros y compa\u00f1eras, transcribo el mensaje que acabo de recibir. Cada uno que saque sus conclusiones. \u00abAmigos y amigas Lo que ha pasado y sigue pasando es muy triste. Ayer, los casi 50 participantes del espect\u00e1culo ZERO RESPONSABLES, antes del ensayo general, fueron reunidos e [&hellip;]<\/p>\n","protected":false},"author":1,"featured_media":0,"comment_status":"open","ping_status":"open","sticky":false,"template":"","format":"standard","meta":{"footnotes":""},"categories":[8],"tags":[26,25],"class_list":["post-870","post","type-post","status-publish","format-standard","hentry","category-copiadoypagado","tag-fina-carreno","tag-pp-cv"],"_links":{"self":[{"href":"http:\/\/www.jmoyano.com\/blog\/wp-json\/wp\/v2\/posts\/870","targetHints":{"allow":["GET"]}}],"collection":[{"href":"http:\/\/www.jmoyano.com\/blog\/wp-json\/wp\/v2\/posts"}],"about":[{"href":"http:\/\/www.jmoyano.com\/blog\/wp-json\/wp\/v2\/types\/post"}],"author":[{"embeddable":true,"href":"http:\/\/www.jmoyano.com\/blog\/wp-json\/wp\/v2\/users\/1"}],"replies":[{"embeddable":true,"href":"http:\/\/www.jmoyano.com\/blog\/wp-json\/wp\/v2\/comments?post=870"}],"version-history":[{"count":4,"href":"http:\/\/www.jmoyano.com\/blog\/wp-json\/wp\/v2\/posts\/870\/revisions"}],"predecessor-version":[{"id":875,"href":"http:\/\/www.jmoyano.com\/blog\/wp-json\/wp\/v2\/posts\/870\/revisions\/875"}],"wp:attachment":[{"href":"http:\/\/www.jmoyano.com\/blog\/wp-json\/wp\/v2\/media?parent=870"}],"wp:term":[{"taxonomy":"category","embeddable":true,"href":"http:\/\/www.jmoyano.com\/blog\/wp-json\/wp\/v2\/categories?post=870"},{"taxonomy":"post_tag","embeddable":true,"href":"http:\/\/www.jmoyano.com\/blog\/wp-json\/wp\/v2\/tags?post=870"}],"curies":[{"name":"wp","href":"https:\/\/api.w.org\/{rel}","templated":true}]}}