{"id":915,"date":"2010-08-10T07:53:17","date_gmt":"2010-08-10T05:53:17","guid":{"rendered":"http:\/\/www.jmoyano.com\/blog\/?p=915"},"modified":"2010-08-10T07:53:17","modified_gmt":"2010-08-10T05:53:17","slug":"se-acaba-el-verano-comienza-la-crisis","status":"publish","type":"post","link":"http:\/\/www.jmoyano.com\/blog\/2010\/08\/10\/se-acaba-el-verano-comienza-la-crisis\/","title":{"rendered":"Se acaba el verano. Comienza la crisis."},"content":{"rendered":"<p>Mi economista de cabecera se reafirma en sus previsiones<\/p>\n<blockquote><p><em>Vuelvo a decir lo que llevo diciendo desde principios del 2006: lo peor  est\u00e1 por llegar: a partir de mediados del 2010, el crash. No hay  soluci\u00f3n posible EN el modelo actual: acaba de comenzar es una crisis  sist\u00e9mica, lo que significa que el modelo actual est\u00e1 agotado. Las  soluciones vendr\u00e1n con la puesta en marcha de un nuevo modelo, un modelo  basado en la eficiencia, en la coordinaci\u00f3n entre individuos, no, como  hasta ahora, en el individualismo: en cada individuo y, desde luego, las  soluciones no pasan porque cada pa\u00eds, cada Gobierno, \u2018haga la suya\u2019,  sino por una colaboraci\u00f3n econ\u00f3mica internacional; pero aut\u00e9ntica,  verdadera: postglobal.<\/em><\/p><\/blockquote>\n<p><a href=\"http:\/\/es.wikipedia.org\/wiki\/Santiago_Ni%C3%B1o_Becerra\" target=\"_blank\">Santiago Ni\u00f1o<\/a>:<strong> <a href=\"http:\/\/www.lacartadelabolsa.com\/index.php\/leer\/articulo\/espaa_dnde_est_adonde_va_y_2\/\" target=\"_blank\">Espa\u00f1a, \u00bfd\u00f3nde est\u00e1?, \u00bfadonde va? \u2013 y 2<\/a><\/strong> hoy en la <a href=\"http:\/\/www.lacartadelabolsa.com\/\" target=\"_blank\">Carta de la Bolsa<\/a>,<\/p>\n","protected":false},"excerpt":{"rendered":"<p>Mi economista de cabecera se reafirma en sus previsiones Vuelvo a decir lo que llevo diciendo desde principios del 2006: lo peor est\u00e1 por llegar: a partir de mediados del 2010, el crash. No hay soluci\u00f3n posible EN el modelo actual: acaba de comenzar es una crisis sist\u00e9mica, lo que significa que el modelo actual [&hellip;]<\/p>\n","protected":false},"author":1,"featured_media":0,"comment_status":"open","ping_status":"open","sticky":false,"template":"","format":"standard","meta":{"footnotes":""},"categories":[8,75],"tags":[32,48,65],"class_list":["post-915","post","type-post","status-publish","format-standard","hentry","category-copiadoypagado","category-otro-mundo-es-posible","tag-crisis-economica","tag-economia-sostenible","tag-santiago-nino-becerra"],"_links":{"self":[{"href":"http:\/\/www.jmoyano.com\/blog\/wp-json\/wp\/v2\/posts\/915","targetHints":{"allow":["GET"]}}],"collection":[{"href":"http:\/\/www.jmoyano.com\/blog\/wp-json\/wp\/v2\/posts"}],"about":[{"href":"http:\/\/www.jmoyano.com\/blog\/wp-json\/wp\/v2\/types\/post"}],"author":[{"embeddable":true,"href":"http:\/\/www.jmoyano.com\/blog\/wp-json\/wp\/v2\/users\/1"}],"replies":[{"embeddable":true,"href":"http:\/\/www.jmoyano.com\/blog\/wp-json\/wp\/v2\/comments?post=915"}],"version-history":[{"count":5,"href":"http:\/\/www.jmoyano.com\/blog\/wp-json\/wp\/v2\/posts\/915\/revisions"}],"predecessor-version":[{"id":920,"href":"http:\/\/www.jmoyano.com\/blog\/wp-json\/wp\/v2\/posts\/915\/revisions\/920"}],"wp:attachment":[{"href":"http:\/\/www.jmoyano.com\/blog\/wp-json\/wp\/v2\/media?parent=915"}],"wp:term":[{"taxonomy":"category","embeddable":true,"href":"http:\/\/www.jmoyano.com\/blog\/wp-json\/wp\/v2\/categories?post=915"},{"taxonomy":"post_tag","embeddable":true,"href":"http:\/\/www.jmoyano.com\/blog\/wp-json\/wp\/v2\/tags?post=915"}],"curies":[{"name":"wp","href":"https:\/\/api.w.org\/{rel}","templated":true}]}}