{"id":926,"date":"2010-08-11T15:15:16","date_gmt":"2010-08-11T13:15:16","guid":{"rendered":"http:\/\/www.jmoyano.com\/blog\/?p=926"},"modified":"2010-08-11T16:53:14","modified_gmt":"2010-08-11T14:53:14","slug":"algunos-pinos-de-la-avenida-del-mediterraneo-cortados-fotos-para-el-recuerdo","status":"publish","type":"post","link":"http:\/\/www.jmoyano.com\/blog\/2010\/08\/11\/algunos-pinos-de-la-avenida-del-mediterraneo-cortados-fotos-para-el-recuerdo\/","title":{"rendered":"Algunos pinos de la Avenida del Mediterr\u00e1neo cortados. Fotos para el recuerdo"},"content":{"rendered":"<p>Con agosticidio nuestro Emilio Mu\u00f1oz ha conseguido \u00a1AL FIN! uno de sus objetivos. Nunca perdonar\u00e1 que el movimiento vecinal le parara los pies con los aparcamientos. Nunca perdonar\u00e1 que cuatro desgraciados le fastidiaran el rodaje de una explosi\u00f3n con incendio justo debajo de los dos pinos que han cortado hoy.<\/p>\n<p>Dos fotos y una galer\u00eda para el recuerdo<\/p>\n<div id=\"attachment_927\" style=\"width: 235px\" class=\"wp-caption aligncenter\"><a href=\"http:\/\/www.jmoyano.com\/blog\/wp-content\/uploads\/2010\/08\/11082010197.jpg\" target=\"_blank\"><img loading=\"lazy\" decoding=\"async\" aria-describedby=\"caption-attachment-927\" class=\"size-medium wp-image-927 \" title=\"Antes\" src=\"http:\/\/www.jmoyano.com\/blog\/wp-content\/uploads\/2010\/08\/11082010197-225x300.jpg\" alt=\"\" width=\"225\" height=\"300\" srcset=\"http:\/\/www.jmoyano.com\/blog\/wp-content\/uploads\/2010\/08\/11082010197-225x300.jpg 225w, http:\/\/www.jmoyano.com\/blog\/wp-content\/uploads\/2010\/08\/11082010197-768x1024.jpg 768w, http:\/\/www.jmoyano.com\/blog\/wp-content\/uploads\/2010\/08\/11082010197.jpg 1944w\" sizes=\"auto, (max-width: 225px) 100vw, 225px\" \/><\/a><p id=\"caption-attachment-927\" class=\"wp-caption-text\">Antes<\/p><\/div>\n<p style=\"text-align: center;\">\n<p>y despu\u00e9s<\/p>\n<div id=\"attachment_928\" style=\"width: 310px\" class=\"wp-caption aligncenter\"><a href=\"http:\/\/www.jmoyano.com\/blog\/wp-content\/uploads\/2010\/08\/11082010203.jpg\" target=\"_blank\"><img loading=\"lazy\" decoding=\"async\" aria-describedby=\"caption-attachment-928\" class=\"size-medium wp-image-928  \" title=\"Despu\u00e9s\" src=\"http:\/\/www.jmoyano.com\/blog\/wp-content\/uploads\/2010\/08\/11082010203-300x225.jpg\" alt=\"\" width=\"300\" height=\"225\" srcset=\"http:\/\/www.jmoyano.com\/blog\/wp-content\/uploads\/2010\/08\/11082010203-300x225.jpg 300w, http:\/\/www.jmoyano.com\/blog\/wp-content\/uploads\/2010\/08\/11082010203-1024x768.jpg 1024w\" sizes=\"auto, (max-width: 300px) 100vw, 300px\" \/><\/a><p id=\"caption-attachment-928\" class=\"wp-caption-text\">Despu\u00e9s<\/p><\/div>\n<p style=\"text-align: center;\">\n<p>Siento dolor e impotencia por lo r\u00e1pido que se acaba con 35 a\u00f1os de vida de unos de los \u00e1rboles que simbolizaban nuestro barrio.<\/p>\n<p>Aqu\u00ed un <a href=\"http:\/\/www.flickr.com\/photos\/julianmoyano\/sets\/72157624577332311\/show\/\" target=\"_blank\">galer\u00eda de fotos<\/a><\/p>\n<p><strong><em>Actualizaci\u00f3n 16:50 horas:<\/em><\/strong> v\u00eddeo del corte de uno de los pinos<\/p>\n<iframe loading=\"lazy\" title=\"Corte Pino en el Parque Alcosa de Alfafar (Valencia) el 11 de agosto de 2010\" width=\"500\" height=\"375\" src=\"https:\/\/www.youtube.com\/embed\/fib0yYY99Rk?feature=oembed\" frameborder=\"0\" allow=\"accelerometer; autoplay; clipboard-write; encrypted-media; gyroscope; picture-in-picture; web-share\" referrerpolicy=\"strict-origin-when-cross-origin\" allowfullscreen><\/iframe>\n","protected":false},"excerpt":{"rendered":"<p>Con agosticidio nuestro Emilio Mu\u00f1oz ha conseguido \u00a1AL FIN! uno de sus objetivos. Nunca perdonar\u00e1 que el movimiento vecinal le parara los pies con los aparcamientos. Nunca perdonar\u00e1 que cuatro desgraciados le fastidiaran el rodaje de una explosi\u00f3n con incendio justo debajo de los dos pinos que han cortado hoy. Dos fotos y una galer\u00eda [&hellip;]<\/p>\n","protected":false},"author":1,"featured_media":0,"comment_status":"open","ping_status":"open","sticky":false,"template":"","format":"standard","meta":{"footnotes":""},"categories":[22,5,36],"tags":[15,35,16,45],"class_list":["post-926","post","type-post","status-publish","format-standard","hentry","category-ayuntamiento-de-alfafar","category-opinion","category-situacion-del-barrio","tag-alfafar","tag-barrio-orba","tag-emilio-munoz-garcia","tag-politica-de-letra-pequena"],"_links":{"self":[{"href":"http:\/\/www.jmoyano.com\/blog\/wp-json\/wp\/v2\/posts\/926","targetHints":{"allow":["GET"]}}],"collection":[{"href":"http:\/\/www.jmoyano.com\/blog\/wp-json\/wp\/v2\/posts"}],"about":[{"href":"http:\/\/www.jmoyano.com\/blog\/wp-json\/wp\/v2\/types\/post"}],"author":[{"embeddable":true,"href":"http:\/\/www.jmoyano.com\/blog\/wp-json\/wp\/v2\/users\/1"}],"replies":[{"embeddable":true,"href":"http:\/\/www.jmoyano.com\/blog\/wp-json\/wp\/v2\/comments?post=926"}],"version-history":[{"count":11,"href":"http:\/\/www.jmoyano.com\/blog\/wp-json\/wp\/v2\/posts\/926\/revisions"}],"predecessor-version":[{"id":937,"href":"http:\/\/www.jmoyano.com\/blog\/wp-json\/wp\/v2\/posts\/926\/revisions\/937"}],"wp:attachment":[{"href":"http:\/\/www.jmoyano.com\/blog\/wp-json\/wp\/v2\/media?parent=926"}],"wp:term":[{"taxonomy":"category","embeddable":true,"href":"http:\/\/www.jmoyano.com\/blog\/wp-json\/wp\/v2\/categories?post=926"},{"taxonomy":"post_tag","embeddable":true,"href":"http:\/\/www.jmoyano.com\/blog\/wp-json\/wp\/v2\/tags?post=926"}],"curies":[{"name":"wp","href":"https:\/\/api.w.org\/{rel}","templated":true}]}}