{"id":965,"date":"2010-08-15T21:01:00","date_gmt":"2010-08-15T19:01:00","guid":{"rendered":"http:\/\/www.jmoyano.com\/blog\/?p=965"},"modified":"2010-08-15T21:09:42","modified_gmt":"2010-08-15T19:09:42","slug":"nos-transforman-el-tradicional-barrio-de-san-jorge","status":"publish","type":"post","link":"http:\/\/www.jmoyano.com\/blog\/2010\/08\/15\/nos-transforman-el-tradicional-barrio-de-san-jorge\/","title":{"rendered":"Nos transforman el tradicional Barrio de San Jorge"},"content":{"rendered":"<p>Iberdrola anda preocupada. En el Bolet\u00edn Oficial de la Provincia del 14 de agosto de 2010, publica el:<\/p>\n<p><strong>\u00abPLAN DE PARTICIPACI\u00d3N P\u00daBLICA DEL PROYECTO DE SUBESTACI\u00d3N TRANSFORMADORA ALFAFAR (LA TORRE), PROVINCIA DE VALENCIA.\u00bb<\/strong><\/p>\n<p>Se puede ver el <strong>documento del BOPV<\/strong> <a href=\"http:\/\/www.jmoyano.com\/blog\/wp-content\/uploads\/2010\/08\/20100814-Anuncio-estaci\u00f3n-tranformado-estudio-paisaj\u00edstico.pdf\" target=\"_blank\">AQU\u00cd<\/a> y el <strong>PLAN DE PARTICIPACI\u00d3N<\/strong> <a href=\"http:\/\/www.jmoyano.com\/blog\/wp-content\/uploads\/2010\/08\/201008-redes_alfafar.pdf\" target=\"_blank\">AQU\u00cd<\/a><\/p>\n<p>Un resumen a vuelapluma:<\/p>\n<ul>\n<li>Destrozan cualquier opci\u00f3n de futuro para transformar la zona en un lugar de cultivo ecol\u00f3gico cerca de las ciudades.<\/li>\n<li>El centro de transformaci\u00f3n de 220.000 voltios derribar\u00e1 alguna de las pocas casas tradicionales de nuestra huerta.<\/li>\n<li>La estaci\u00f3n estar\u00e1 a unos 150 metros del bloque de viviendas de las calles San Jorge y Doctor Fleming.<\/li>\n<li>La distancia a las \u00faltimas casas de las calles Marqu\u00e9s del Turia y Cervantes es de 200 metros.<\/li>\n<li>El colegio junto al cementerio tambi\u00e9n estar\u00e1 a 200 metros.<\/li>\n<li>Tenemos un plazo de 30 d\u00edas para presentar alegaciones \u00abpaisaj\u00edsticas\u00bb.<\/li>\n<li>Tienen mucha prisa en dar servicio a Soci\u00f3polis.<\/li>\n<li>La lucha de los vecinos de Patraix ha servido para que nos endi\u00f1aran una buena parte del problema.<\/li>\n<\/ul>\n<p>Un ejemplo m\u00e1s de participaci\u00f3n ciudadana. Un ejemplo de informaci\u00f3n a los vecinos del Barrio de San Jorge y de Benet\u00fasser.<\/p>\n<p>Y unas preguntas a los miembros del Foro de Participaci\u00f3n Ciudadana de la Agenda XXI local de Benet\u00fasser:<\/p>\n<ul>\n<li>\u00bfAlguna informaci\u00f3n del los concejales y\/o t\u00e9cnicos del ayuntamiento sobre el tema?<\/li>\n<li>\u00bfAlg\u00fan canal de informaci\u00f3n para posicionarse al respecto&#8217;<\/li>\n<li>\u00bfAlguna asociaci\u00f3n a colectivo de Benet\u00fasser que conozca lo que pasar\u00e1?<\/li>\n<\/ul>\n<p>Y la pregunta recurrente. Pase que nuestro ayuntamiento est\u00e9 m\u00e1s interesado en los ingresos que en los riesgos pero porqu\u00e9 leches estas cosas no interesan a los ciudadanos.<\/p>\n","protected":false},"excerpt":{"rendered":"<p>Iberdrola anda preocupada. En el Bolet\u00edn Oficial de la Provincia del 14 de agosto de 2010, publica el: \u00abPLAN DE PARTICIPACI\u00d3N P\u00daBLICA DEL PROYECTO DE SUBESTACI\u00d3N TRANSFORMADORA ALFAFAR (LA TORRE), PROVINCIA DE VALENCIA.\u00bb Se puede ver el documento del BOPV AQU\u00cd y el PLAN DE PARTICIPACI\u00d3N AQU\u00cd Un resumen a vuelapluma: Destrozan cualquier opci\u00f3n de [&hellip;]<\/p>\n","protected":false},"author":1,"featured_media":0,"comment_status":"open","ping_status":"open","sticky":false,"template":"","format":"standard","meta":{"footnotes":""},"categories":[22,75,23],"tags":[15,24,48,95,165],"class_list":["post-965","post","type-post","status-publish","format-standard","hentry","category-ayuntamiento-de-alfafar","category-otro-mundo-es-posible","category-participacion-ciudadana","tag-alfafar","tag-asociacion-de-vecinos","tag-economia-sostenible","tag-iberdrola","tag-participacion-ciudadana"],"_links":{"self":[{"href":"http:\/\/www.jmoyano.com\/blog\/wp-json\/wp\/v2\/posts\/965","targetHints":{"allow":["GET"]}}],"collection":[{"href":"http:\/\/www.jmoyano.com\/blog\/wp-json\/wp\/v2\/posts"}],"about":[{"href":"http:\/\/www.jmoyano.com\/blog\/wp-json\/wp\/v2\/types\/post"}],"author":[{"embeddable":true,"href":"http:\/\/www.jmoyano.com\/blog\/wp-json\/wp\/v2\/users\/1"}],"replies":[{"embeddable":true,"href":"http:\/\/www.jmoyano.com\/blog\/wp-json\/wp\/v2\/comments?post=965"}],"version-history":[{"count":4,"href":"http:\/\/www.jmoyano.com\/blog\/wp-json\/wp\/v2\/posts\/965\/revisions"}],"predecessor-version":[{"id":972,"href":"http:\/\/www.jmoyano.com\/blog\/wp-json\/wp\/v2\/posts\/965\/revisions\/972"}],"wp:attachment":[{"href":"http:\/\/www.jmoyano.com\/blog\/wp-json\/wp\/v2\/media?parent=965"}],"wp:term":[{"taxonomy":"category","embeddable":true,"href":"http:\/\/www.jmoyano.com\/blog\/wp-json\/wp\/v2\/categories?post=965"},{"taxonomy":"post_tag","embeddable":true,"href":"http:\/\/www.jmoyano.com\/blog\/wp-json\/wp\/v2\/tags?post=965"}],"curies":[{"name":"wp","href":"https:\/\/api.w.org\/{rel}","templated":true}]}}