{"id":1160,"date":"2010-09-12T09:51:18","date_gmt":"2010-09-12T07:51:18","guid":{"rendered":"http:\/\/www.jmoyano.com\/blog\/?p=1160"},"modified":"2010-09-11T10:09:04","modified_gmt":"2010-09-11T08:09:04","slug":"sin-accidentes-no-hacen-nada","status":"publish","type":"post","link":"https:\/\/www.jmoyano.com\/blog\/2010\/09\/12\/sin-accidentes-no-hacen-nada\/","title":{"rendered":"Sin accidentes no hacen nada"},"content":{"rendered":"<p>Os dejo una foto de la situaci\u00f3n de la valla de la estaci\u00f3n de Alfafar &#8211; Benet\u00fasser (del lado de Benet\u00fasser) que hace semanas est\u00e1 como que se ve.<\/p>\n<div id=\"attachment_1161\" style=\"width: 310px\" class=\"wp-caption aligncenter\"><a href=\"http:\/\/www.jmoyano.com\/blog\/wp-content\/uploads\/2010\/09\/Foto0300.jpg\" target=\"_blank\"><img loading=\"lazy\" decoding=\"async\" aria-describedby=\"caption-attachment-1161\" class=\"size-medium wp-image-1161 \" title=\"Vallaestaci\u00f3n 201009\" src=\"http:\/\/www.jmoyano.com\/blog\/wp-content\/uploads\/2010\/09\/Foto0300-300x225.jpg\" alt=\"\" width=\"300\" height=\"225\" srcset=\"https:\/\/www.jmoyano.com\/blog\/wp-content\/uploads\/2010\/09\/Foto0300-300x225.jpg 300w, https:\/\/www.jmoyano.com\/blog\/wp-content\/uploads\/2010\/09\/Foto0300-1024x768.jpg 1024w, https:\/\/www.jmoyano.com\/blog\/wp-content\/uploads\/2010\/09\/Foto0300.jpg 2048w\" sizes=\"auto, (max-width: 300px) 100vw, 300px\" \/><\/a><p id=\"caption-attachment-1161\" class=\"wp-caption-text\">Pincha para ampliar<\/p><\/div>\n<p>Hasta que no tengamos alg\u00fan percance no espabilar\u00e1n<\/p>\n<p>P.D. La pintada de Viva Franco va en el lote.<\/p>\n","protected":false},"excerpt":{"rendered":"<p>Os dejo una foto de la situaci\u00f3n de la valla de la estaci\u00f3n de Alfafar &#8211; Benet\u00fasser (del lado de Benet\u00fasser) que hace semanas est\u00e1 como que se ve. Hasta que no tengamos alg\u00fan percance no espabilar\u00e1n P.D. La pintada de Viva Franco va en el lote.<\/p>\n","protected":false},"author":1,"featured_media":0,"comment_status":"open","ping_status":"open","sticky":false,"template":"","format":"standard","meta":{"footnotes":""},"categories":[22,99,36],"tags":[110,15,100,109],"class_list":["post-1160","post","type-post","status-publish","format-standard","hentry","category-ayuntamiento-de-alfafar","category-ayuntamiento-de-benetusser","category-situacion-del-barrio","tag-adif","tag-alfafar","tag-benetusser","tag-renfe"],"_links":{"self":[{"href":"https:\/\/www.jmoyano.com\/blog\/wp-json\/wp\/v2\/posts\/1160","targetHints":{"allow":["GET"]}}],"collection":[{"href":"https:\/\/www.jmoyano.com\/blog\/wp-json\/wp\/v2\/posts"}],"about":[{"href":"https:\/\/www.jmoyano.com\/blog\/wp-json\/wp\/v2\/types\/post"}],"author":[{"embeddable":true,"href":"https:\/\/www.jmoyano.com\/blog\/wp-json\/wp\/v2\/users\/1"}],"replies":[{"embeddable":true,"href":"https:\/\/www.jmoyano.com\/blog\/wp-json\/wp\/v2\/comments?post=1160"}],"version-history":[{"count":8,"href":"https:\/\/www.jmoyano.com\/blog\/wp-json\/wp\/v2\/posts\/1160\/revisions"}],"predecessor-version":[{"id":1169,"href":"https:\/\/www.jmoyano.com\/blog\/wp-json\/wp\/v2\/posts\/1160\/revisions\/1169"}],"wp:attachment":[{"href":"https:\/\/www.jmoyano.com\/blog\/wp-json\/wp\/v2\/media?parent=1160"}],"wp:term":[{"taxonomy":"category","embeddable":true,"href":"https:\/\/www.jmoyano.com\/blog\/wp-json\/wp\/v2\/categories?post=1160"},{"taxonomy":"post_tag","embeddable":true,"href":"https:\/\/www.jmoyano.com\/blog\/wp-json\/wp\/v2\/tags?post=1160"}],"curies":[{"name":"wp","href":"https:\/\/api.w.org\/{rel}","templated":true}]}}