{"id":1270,"date":"2010-10-04T00:16:31","date_gmt":"2010-10-03T22:16:31","guid":{"rendered":"http:\/\/www.jmoyano.com\/blog\/?p=1270"},"modified":"2010-10-03T11:10:59","modified_gmt":"2010-10-03T09:10:59","slug":"ordenanza-reguladora-de-la-proteccion-del-espacio-urbano-en-alfafar","status":"publish","type":"post","link":"https:\/\/www.jmoyano.com\/blog\/2010\/10\/04\/ordenanza-reguladora-de-la-proteccion-del-espacio-urbano-en-alfafar\/","title":{"rendered":"Ordenanza reguladora de la protecci\u00f3n del espacio urbano en Alfafar"},"content":{"rendered":"<p style=\"text-align: justify;\">Publicado en el BOPV la ordenanza. Se dice en el texto:<\/p>\n<blockquote><p>El Ayuntamiento dar\u00e1 la m\u00e1xima difusi\u00f3n para conocimiento de los ciudadanos y vecinos del municipio, incluso, si fuera posible, a trav\u00e9s de una edici\u00f3n de ella especialmente preparada para ser distribuida<\/p>\n<p style=\"text-align: justify;\">Recomiendo la lectura de la ordenanza que pod\u00e9is descargar en el enlace: (<a href=\"http:\/\/www.jmoyano.com\/blog\/wp-content\/uploads\/2010\/10\/20101002-ordenanza-reguladora-de-la-protecci\u00f3n-del-espacio-urbano.pdf\" target=\"_blank\">Ordenanza reguladora de la protecci\u00f3n del espacio urbano<\/a>).<\/p>\n<\/blockquote>\n<p style=\"text-align: justify;\">Siguiendo la pr\u00e1ctica habitual de nuestros gobernantes no se ha consultado ni consensuado con la organizaciones sociales del municipio, regula b\u00e1sicamente las sanciones y entre otras muchas prev\u00e9 algunas lindezas:<\/p>\n<blockquote>\n<li style=\"text-align: justify;\">La circulaci\u00f3n de bicicletas por encima de las aceras, salvo por la parte a ellas destinada en las aceras-bici: <strong>Hasta 150 \u20ac de sanci\u00f3n<\/strong><\/li>\n<li style=\"text-align: justify;\">Encadenar  bicicletas y ciclomotores a los elementos del mobiliario urbano, tales  como \u00e1rboles, canalizaciones, farolas, postes de se\u00f1alizaci\u00f3n y  similares que no sean soportes habilitados al efecto: <strong>Hasta 150 \u20ac de sanci\u00f3n.<\/strong><\/li>\n<li style=\"text-align: justify;\">Usar patines y monopatines por la acera y la calzada cuando no se utilicen a velocidad del paso normal de una persona: <strong>Hasta 150 \u20ac de sanci\u00f3n.<\/strong><\/li>\n<li style=\"text-align: justify;\">Jugar  al bal\u00f3n en lugares no habilitados o golpeando persianas, fachadas,  veh\u00edculos, mobiliario p\u00fablico en general o causando molestias a las  personas: <strong>Hasta 150 \u20ac de sanci\u00f3n.<\/strong><\/li>\n<li>Disparar fuegos arti\uf001ciales, petardos, tracas y dem\u00e1s arti\uf001cios pirot\u00e9cnicos sin permiso o fuera de las zonas habilitadas: <strong>Hasta 400 \u20ac de sanci\u00f3n.<\/strong><\/li>\n<li>Dormir de d\u00eda o de noche en los espacios p\u00fablicos: <strong>Hasta 400 \u20ac de sanci\u00f3n.<\/strong><\/li>\n<li style=\"text-align: justify;\">Mantener relaciones sexuales en el espacio p\u00fablico, aunque dicha actividad se realice en el interior de veh\u00edculos: <strong>De 750,01 a 1.000 \u20ac de sanci\u00f3n.<\/strong><\/li>\n<li style=\"text-align: justify;\">Realizar pintadas o gra\uf001tos en los elementos del transporte, ya sean de titularidad p\u00fablica o privada, y, en el primer caso, municipal o no, incluidos los veh\u00edculos, las paradas, las marquesinas y dem\u00e1s elementos instalados en los espacios p\u00fablicos: <strong>De 750.01 a 1500 \u20ac.<\/strong><\/li>\n<\/blockquote>\n<p>Ahora a estudiar para que no nos cueste pasta hacer cosas que parec\u00edan normales y ya no lo son.<\/p>\n","protected":false},"excerpt":{"rendered":"<p>Publicado en el BOPV la ordenanza. Se dice en el texto: El Ayuntamiento dar\u00e1 la m\u00e1xima difusi\u00f3n para conocimiento de los ciudadanos y vecinos del municipio, incluso, si fuera posible, a trav\u00e9s de una edici\u00f3n de ella especialmente preparada para ser distribuida Recomiendo la lectura de la ordenanza que pod\u00e9is descargar en el enlace: (Ordenanza [&hellip;]<\/p>\n","protected":false},"author":1,"featured_media":0,"comment_status":"open","ping_status":"open","sticky":false,"template":"","format":"standard","meta":{"footnotes":""},"categories":[22],"tags":[15,124,165],"class_list":["post-1270","post","type-post","status-publish","format-standard","hentry","category-ayuntamiento-de-alfafar","tag-alfafar","tag-ordenanza","tag-participacion-ciudadana"],"_links":{"self":[{"href":"https:\/\/www.jmoyano.com\/blog\/wp-json\/wp\/v2\/posts\/1270","targetHints":{"allow":["GET"]}}],"collection":[{"href":"https:\/\/www.jmoyano.com\/blog\/wp-json\/wp\/v2\/posts"}],"about":[{"href":"https:\/\/www.jmoyano.com\/blog\/wp-json\/wp\/v2\/types\/post"}],"author":[{"embeddable":true,"href":"https:\/\/www.jmoyano.com\/blog\/wp-json\/wp\/v2\/users\/1"}],"replies":[{"embeddable":true,"href":"https:\/\/www.jmoyano.com\/blog\/wp-json\/wp\/v2\/comments?post=1270"}],"version-history":[{"count":12,"href":"https:\/\/www.jmoyano.com\/blog\/wp-json\/wp\/v2\/posts\/1270\/revisions"}],"predecessor-version":[{"id":1272,"href":"https:\/\/www.jmoyano.com\/blog\/wp-json\/wp\/v2\/posts\/1270\/revisions\/1272"}],"wp:attachment":[{"href":"https:\/\/www.jmoyano.com\/blog\/wp-json\/wp\/v2\/media?parent=1270"}],"wp:term":[{"taxonomy":"category","embeddable":true,"href":"https:\/\/www.jmoyano.com\/blog\/wp-json\/wp\/v2\/categories?post=1270"},{"taxonomy":"post_tag","embeddable":true,"href":"https:\/\/www.jmoyano.com\/blog\/wp-json\/wp\/v2\/tags?post=1270"}],"curies":[{"name":"wp","href":"https:\/\/api.w.org\/{rel}","templated":true}]}}