{"id":1285,"date":"2010-10-05T19:42:57","date_gmt":"2010-10-05T17:42:57","guid":{"rendered":"http:\/\/www.jmoyano.com\/blog\/?p=1285"},"modified":"2010-10-05T19:42:57","modified_gmt":"2010-10-05T17:42:57","slug":"carta-a-labordeta-de-jose-ignacio-gonzalez-faus","status":"publish","type":"post","link":"https:\/\/www.jmoyano.com\/blog\/2010\/10\/05\/carta-a-labordeta-de-jose-ignacio-gonzalez-faus\/","title":{"rendered":"Carta a Labordeta de Jos\u00e9 Ignacio Gonz\u00e1lez Faus"},"content":{"rendered":"<p>Ya me gustar\u00eda ser capaz de escribir cosas tan hermosas. Como no s\u00e9 me limito a cortar y copiar<\/p>\n<blockquote>\n<h2>No habr\u00e1 un d\u00eda en que todos&#8230;<\/h2>\n<h3>Jos\u00e9 Ignacio Gonz\u00e1lez Faus SJ<\/h3>\n<h3>La Vanguardia, 25-09-2010<\/h3>\n<p style=\"text-align: justify;\">S\u00ed, querido Labordeta, ahora lo sabes aunque ya lo sab\u00edas: no habr\u00e1 un d\u00eda en que todos veremos una tierra que ponga libertad. S\u00f3lo podremos ver los islotes de siempre, ocupados por unos pocos desalmados que levantaron all\u00ed su bandera privada a la que llaman libertad. Y no vendr\u00e1 ese d\u00eda no porque no sea posible, sino porque nosotros no queremos. O mejor: no lo quiere una minor\u00eda de desalmados, pero que cuentan con nuestra complicidad gracias a un sistema perverso que nos induce a ella.<br \/>\nPorque para que venga ese d\u00eda es indispensable que los que pertenecemos al veinte por ciento de privilegiados de la humanidad (y nos creemos ser todo el g\u00e9nero humano) bajemos claramente nuestro nivel de vida. Bajar no en lo necesario, pero s\u00ed en lo superfluo, que tanto nos inunda a nivel personal y estructural. Y ese descenso de nivel es imposible por dos razones: a) como dijo Voltaire, uno de los padres de nuestra modernidad, lo superfluo nos es lo m\u00e1s necesario. Y b) si descendemos y dejamos de consumir, se hunde nuestro sistema, asentado todo \u00e9l en nuestro consumo. As\u00ed nos hemos encerrado en un laberinto sin salida, m\u00e1s cruel que el de Creta.<br \/>\nAlgunos ilusos intentan decimos que, si seguimos creciendo mucho, habr\u00e1 un d\u00eda en que pueda llegar a todos esa libertad del pan, el agua, la salud y la educaci\u00f3n. Pero tambi\u00e9n es falsa esa salida por dos razones: a) nuestro sistema s\u00f3lo sabe crecer a condici\u00f3n de no distribuir: con un crecimiento que produzca ricos cada vez m\u00e1s ricos y pobres cada vez m\u00e1s relativamente pobres. Y b) si seguimos con esos ritmos de crecimiento nos cargaremos el planeta (al que ya hemos puesto bastante enfermo) antes de que la libertad pueda llegar a todos.<br \/>\nAs\u00ed estamos, Jos\u00e9 Antonio. T\u00fa lo sab\u00edas. Por eso seguiste cantando que no te ibas a rendir, que eras \u00abcomo esos viejos \u00e1rboles batidos por el viento que azota desde el mar\u00bb y que \u00abhemos perdido compa\u00f1eros, paisajes y esperanzas en largo caminar\u00bb, pero buscabas el modo de \u00abechar nuevas ra\u00edces&#8230;\u00bb. Por eso hab\u00edas cantado antes que<br \/>\nera posible que esa hermosa ma\u00f1ana de la libertad \u00abni t\u00fa ni yo ni nadie la lleguemos a ver\u00bb (aqu\u00ed corrijo tu letra que dec\u00eda \u00abel otro\u00bb en lugar de nadie). Pero segu\u00edas empe\u00f1ado en forjar esa ma\u00f1ana \u00abcomo un viento que arranque los matojos diciendo la verdad\u00bb. Esa verdad que intento proclamar en homenaje a ti: la hermosa ma\u00f1ana no vendr\u00e1 porque nuestro sistema la impide; y sus guardianes (desde Bill Gates hasta Amancio Ortega) tienen suficientes armas de destrucci\u00f3n masiva para<br \/>\nacabar con todos los que intenten el cambio.<br \/>\nPara verg\u00fcenza nuestra, ese cambio es posible, por dif\u00edcil que parezca. Y para verg\u00fcenza de esta Catalunya desde la -que te escribo, parte de esa alternativa ha sido elaborada aqu\u00ed en Barcelona. Pero nos interesa menos que Messi o Ferran Adria. Y si no, \u00bfqui\u00e9nes conocen el libro Democracia econ\u00f3mica. Vers una alternativa al capitalisme, elaborado aqu\u00ed, seg\u00fan tesis de D. Schweickart (Against capitalism, al que algunos calificaron como El Capital del siglo XX)? \u00bfQui\u00e9n se preocupa de esas cosas, no ya entre los drogados por el volteriano \u00ab\u00a1lo superfluo, tan necesario!\u00bb, sino incluso entre los profesores de escuelas de negocios \u00abcat\u00f3licas\u00bb, o entre pol\u00edticos que saben que perder\u00e1n votos si abordan de esos asuntos?<br \/>\nPero t\u00fa hab\u00edas decidido que, aunque fuera a mano y sin maquinaria,ibas a seguir \u00ablimpiando los caminos de siglos de despojos contra la libertad\u00bb. Gracias. Por eso evoco en homenaje a ti que pocos d\u00edas despu\u00e9s de que te dieran no s\u00e9 qu\u00e9 medalla de m\u00e9rito oficial, un jesuita buen amigo tuyo y m\u00edo, Jes\u00fas Mari fue a verte ya en tu<br \/>\nenfermedad, para contarte que en El Salvador hab\u00edan sido recibidos en la casa presidencial los supervivientes y v\u00edctimas de una de tantas matanzas del ej\u00e9rcito; y all\u00ed mismo comenzaron a cantar: habr\u00e1 un d\u00eda en que todos, al levantar la vista&#8230; Me cont\u00f3 Jes\u00fas Mari que, cuando viste el correo electr\u00f3nico de Jon Sobrino que contaba esa an\u00e9cdota, le hab\u00edas dicho con una l\u00e1grima en los ojos: \u00abEsto me consuela m\u00e1s que la medalla que me dieron el otro d\u00eda\u00bb.<br \/>\nRecordar\u00e1s (o ya no necesitas recordarlo, porque ahora est\u00e1s fuera del tiempo) c\u00f3mo Jes\u00fas Mari mand\u00f3 un correo a Jon Sobrino cont\u00e1ndole lo que le hab\u00edas dicho y c\u00f3mo Jon (que estuvo con los campesinos salvadore\u00f1os en la casa presidencial) te narr\u00f3 la an\u00e9cdota en un correo que comenzaba simplemente: \u00abQuerido Labordeta\u00bb, y terminaba comentando as\u00ed el episodio: \u00abPor supuesto no eran Pavarotti ni Caball\u00e9; pero la verdad es que sonaba bastante bien\u00bb. En fin, t\u00fa dec\u00edas que estabas \u00abregular, gracias de Dios\u00bb. Nosotros seguimos \u00abmal gracias al capital\u00bb. Pero hoy podemos unir tus versos a los del profeta Am\u00f3s cuando cantaba: \u00abVenden al pobre por un par de hipotecas&#8230;, convierten los derechos en veneno y la justicia en amargura&#8230; Pero (Dios) jam\u00e1s olvidar\u00e1 vuestras canalladas\u00bb.<\/p>\n<\/blockquote>\n","protected":false},"excerpt":{"rendered":"<p>Ya me gustar\u00eda ser capaz de escribir cosas tan hermosas. Como no s\u00e9 me limito a cortar y copiar No habr\u00e1 un d\u00eda en que todos&#8230; Jos\u00e9 Ignacio Gonz\u00e1lez Faus SJ La Vanguardia, 25-09-2010 S\u00ed, querido Labordeta, ahora lo sabes aunque ya lo sab\u00edas: no habr\u00e1 un d\u00eda en que todos veremos una tierra que [&hellip;]<\/p>\n","protected":false},"author":1,"featured_media":0,"comment_status":"open","ping_status":"open","sticky":false,"template":"","format":"standard","meta":{"footnotes":""},"categories":[8],"tags":[116,125],"class_list":["post-1285","post","type-post","status-publish","format-standard","hentry","category-copiadoypagado","tag-jose-antonio-labordeta","tag-jose-ignacio-gonzalez-faus"],"_links":{"self":[{"href":"https:\/\/www.jmoyano.com\/blog\/wp-json\/wp\/v2\/posts\/1285","targetHints":{"allow":["GET"]}}],"collection":[{"href":"https:\/\/www.jmoyano.com\/blog\/wp-json\/wp\/v2\/posts"}],"about":[{"href":"https:\/\/www.jmoyano.com\/blog\/wp-json\/wp\/v2\/types\/post"}],"author":[{"embeddable":true,"href":"https:\/\/www.jmoyano.com\/blog\/wp-json\/wp\/v2\/users\/1"}],"replies":[{"embeddable":true,"href":"https:\/\/www.jmoyano.com\/blog\/wp-json\/wp\/v2\/comments?post=1285"}],"version-history":[{"count":3,"href":"https:\/\/www.jmoyano.com\/blog\/wp-json\/wp\/v2\/posts\/1285\/revisions"}],"predecessor-version":[{"id":1288,"href":"https:\/\/www.jmoyano.com\/blog\/wp-json\/wp\/v2\/posts\/1285\/revisions\/1288"}],"wp:attachment":[{"href":"https:\/\/www.jmoyano.com\/blog\/wp-json\/wp\/v2\/media?parent=1285"}],"wp:term":[{"taxonomy":"category","embeddable":true,"href":"https:\/\/www.jmoyano.com\/blog\/wp-json\/wp\/v2\/categories?post=1285"},{"taxonomy":"post_tag","embeddable":true,"href":"https:\/\/www.jmoyano.com\/blog\/wp-json\/wp\/v2\/tags?post=1285"}],"curies":[{"name":"wp","href":"https:\/\/api.w.org\/{rel}","templated":true}]}}