{"id":1336,"date":"2010-10-17T22:37:59","date_gmt":"2010-10-17T20:37:59","guid":{"rendered":"http:\/\/www.jmoyano.com\/blog\/?p=1336"},"modified":"2010-10-17T22:50:08","modified_gmt":"2010-10-17T20:50:08","slug":"se-acabo-la-miel-comienza-la-hiel","status":"publish","type":"post","link":"https:\/\/www.jmoyano.com\/blog\/2010\/10\/17\/se-acabo-la-miel-comienza-la-hiel\/","title":{"rendered":"Se acab\u00f3 la miel. Comienza la hiel"},"content":{"rendered":"<p>Y no tendremos cientos de c\u00e1maras trasmitiendo algo tan humano como reclamar los sueldos que les deben los patronos.<\/p>\n<p>Y seguir\u00e1 siendo cierto lo que dice uno de los mineros rescatados que se march\u00f3 de la misa: \u00abHay dinero para la far\u00e1ndula pero no para nuestros finiquitos\u00bb<\/p>\n<p style=\"text-align: center;\"><a title=\"Pincha para ampliar\" href=\"http:\/\/www.jmoyano.com\/blog\/wp-content\/uploads\/2010\/10\/Protesta_mineros_atacama.png\" target=\"_blank\"><img loading=\"lazy\" decoding=\"async\" class=\"aligncenter size-medium wp-image-1337\" title=\"Protesta_mineros_atacama\" src=\"http:\/\/www.jmoyano.com\/blog\/wp-content\/uploads\/2010\/10\/Protesta_mineros_atacama-300x167.png\" alt=\"\" width=\"300\" height=\"167\" srcset=\"https:\/\/www.jmoyano.com\/blog\/wp-content\/uploads\/2010\/10\/Protesta_mineros_atacama-300x167.png 300w, https:\/\/www.jmoyano.com\/blog\/wp-content\/uploads\/2010\/10\/Protesta_mineros_atacama.png 986w\" sizes=\"auto, (max-width: 300px) 100vw, 300px\" \/><\/a><\/p>\n<p>La noticia completa en <a href=\"http:\/\/www.elpais.com\/articulo\/internacional\/misa\/honor\/33\/mineros\/Chile\/termina\/protesta\/Gobierno\/elpepuint\/20101017elpepuint_4\/Tes\" target=\"_blank\">El Pa\u00eds<\/a><\/p>\n","protected":false},"excerpt":{"rendered":"<p>Y no tendremos cientos de c\u00e1maras trasmitiendo algo tan humano como reclamar los sueldos que les deben los patronos. Y seguir\u00e1 siendo cierto lo que dice uno de los mineros rescatados que se march\u00f3 de la misa: \u00abHay dinero para la far\u00e1ndula pero no para nuestros finiquitos\u00bb La noticia completa en El Pa\u00eds<\/p>\n","protected":false},"author":1,"featured_media":0,"comment_status":"open","ping_status":"open","sticky":false,"template":"","format":"standard","meta":{"footnotes":""},"categories":[75],"tags":[132],"class_list":["post-1336","post","type-post","status-publish","format-standard","hentry","category-otro-mundo-es-posible","tag-mineros-atacama"],"_links":{"self":[{"href":"https:\/\/www.jmoyano.com\/blog\/wp-json\/wp\/v2\/posts\/1336","targetHints":{"allow":["GET"]}}],"collection":[{"href":"https:\/\/www.jmoyano.com\/blog\/wp-json\/wp\/v2\/posts"}],"about":[{"href":"https:\/\/www.jmoyano.com\/blog\/wp-json\/wp\/v2\/types\/post"}],"author":[{"embeddable":true,"href":"https:\/\/www.jmoyano.com\/blog\/wp-json\/wp\/v2\/users\/1"}],"replies":[{"embeddable":true,"href":"https:\/\/www.jmoyano.com\/blog\/wp-json\/wp\/v2\/comments?post=1336"}],"version-history":[{"count":5,"href":"https:\/\/www.jmoyano.com\/blog\/wp-json\/wp\/v2\/posts\/1336\/revisions"}],"predecessor-version":[{"id":1341,"href":"https:\/\/www.jmoyano.com\/blog\/wp-json\/wp\/v2\/posts\/1336\/revisions\/1341"}],"wp:attachment":[{"href":"https:\/\/www.jmoyano.com\/blog\/wp-json\/wp\/v2\/media?parent=1336"}],"wp:term":[{"taxonomy":"category","embeddable":true,"href":"https:\/\/www.jmoyano.com\/blog\/wp-json\/wp\/v2\/categories?post=1336"},{"taxonomy":"post_tag","embeddable":true,"href":"https:\/\/www.jmoyano.com\/blog\/wp-json\/wp\/v2\/tags?post=1336"}],"curies":[{"name":"wp","href":"https:\/\/api.w.org\/{rel}","templated":true}]}}