{"id":266,"date":"2010-03-26T20:43:46","date_gmt":"2010-03-26T19:43:46","guid":{"rendered":"http:\/\/www.jmoyano.com\/blog\/?p=266"},"modified":"2010-03-26T23:27:09","modified_gmt":"2010-03-26T22:27:09","slug":"candidatura-de-upd-en-alfafar","status":"publish","type":"post","link":"https:\/\/www.jmoyano.com\/blog\/2010\/03\/26\/candidatura-de-upd-en-alfafar\/","title":{"rendered":"\u00bfCandidatura de UPD en Alfafar?"},"content":{"rendered":"<p>Hoy se ha visto a dos \u00abpopulares vecinos\u00bb del Parque Alcosa, muy relacionados con el movimiento pol\u00edtico y asociativo,\u00a0 paseando por la avenida del Mediterr\u00e1neo con Mar\u00eda Jos\u00e9 Ros miembro de la Coordinadora Territorial de UPyD CV, el partido de Rosa D\u00edez.<\/p>\n<p><a href=\"http:\/\/www.jmoyano.com\/blog\/wp-content\/uploads\/2010\/03\/20100326-UPD-Mar\u00eda-Jos\u00e9-Ros-foto.jpg\"><img loading=\"lazy\" decoding=\"async\" class=\"aligncenter size-full wp-image-265\" title=\"20100326 UPD Mar\u00eda Jos\u00e9 Ros foto\" src=\"http:\/\/www.jmoyano.com\/blog\/wp-content\/uploads\/2010\/03\/20100326-UPD-Mar\u00eda-Jos\u00e9-Ros-foto.jpg\" alt=\"\" width=\"205\" height=\"241\" \/><\/a><\/p>\n<p>\u00bfTendremos candidatura de UPD en las pr\u00f3ximas elecciones locales de 2011?<\/p>\n","protected":false},"excerpt":{"rendered":"<p>Hoy se ha visto a dos \u00abpopulares vecinos\u00bb del Parque Alcosa, muy relacionados con el movimiento pol\u00edtico y asociativo,\u00a0 paseando por la avenida del Mediterr\u00e1neo con Mar\u00eda Jos\u00e9 Ros miembro de la Coordinadora Territorial de UPyD CV, el partido de Rosa D\u00edez. \u00bfTendremos candidatura de UPD en las pr\u00f3ximas elecciones locales de 2011?<\/p>\n","protected":false},"author":1,"featured_media":0,"comment_status":"open","ping_status":"open","sticky":false,"template":"","format":"standard","meta":{"footnotes":""},"categories":[29],"tags":[15,31,30],"class_list":["post-266","post","type-post","status-publish","format-standard","hentry","category-rumores","tag-alfafar","tag-elecciones-locales","tag-upd"],"_links":{"self":[{"href":"https:\/\/www.jmoyano.com\/blog\/wp-json\/wp\/v2\/posts\/266","targetHints":{"allow":["GET"]}}],"collection":[{"href":"https:\/\/www.jmoyano.com\/blog\/wp-json\/wp\/v2\/posts"}],"about":[{"href":"https:\/\/www.jmoyano.com\/blog\/wp-json\/wp\/v2\/types\/post"}],"author":[{"embeddable":true,"href":"https:\/\/www.jmoyano.com\/blog\/wp-json\/wp\/v2\/users\/1"}],"replies":[{"embeddable":true,"href":"https:\/\/www.jmoyano.com\/blog\/wp-json\/wp\/v2\/comments?post=266"}],"version-history":[{"count":5,"href":"https:\/\/www.jmoyano.com\/blog\/wp-json\/wp\/v2\/posts\/266\/revisions"}],"predecessor-version":[{"id":290,"href":"https:\/\/www.jmoyano.com\/blog\/wp-json\/wp\/v2\/posts\/266\/revisions\/290"}],"wp:attachment":[{"href":"https:\/\/www.jmoyano.com\/blog\/wp-json\/wp\/v2\/media?parent=266"}],"wp:term":[{"taxonomy":"category","embeddable":true,"href":"https:\/\/www.jmoyano.com\/blog\/wp-json\/wp\/v2\/categories?post=266"},{"taxonomy":"post_tag","embeddable":true,"href":"https:\/\/www.jmoyano.com\/blog\/wp-json\/wp\/v2\/tags?post=266"}],"curies":[{"name":"wp","href":"https:\/\/api.w.org\/{rel}","templated":true}]}}