{"id":455,"date":"2010-04-05T00:05:21","date_gmt":"2010-04-04T22:05:21","guid":{"rendered":"http:\/\/www.jmoyano.com\/blog\/?p=455"},"modified":"2010-04-04T13:28:38","modified_gmt":"2010-04-04T11:28:38","slug":"licitacion-de-una-guarderia-en-alfafar","status":"publish","type":"post","link":"https:\/\/www.jmoyano.com\/blog\/2010\/04\/05\/licitacion-de-una-guarderia-en-alfafar\/","title":{"rendered":"Licitaci\u00f3n de una guarder\u00eda en Alfafar"},"content":{"rendered":"<p>Nuestros magn\u00edficos gobernantes municipales han decidido construir una guarder\u00eda para ni\u00f1os de 0 a 3 a\u00f1os en Alfafar. La guarder\u00eda estar\u00e1 ubicada en la zona comercial:<\/p>\n<p style=\"text-align: center;\">\n<div id=\"attachment_456\" style=\"width: 160px\" class=\"wp-caption aligncenter\"><a href=\"http:\/\/www.jmoyano.com\/blog\/wp-content\/uploads\/2010\/04\/20100225_Situaci\u00f3n_guarder\u00eda.png\" target=\"_blank\"><img loading=\"lazy\" decoding=\"async\" aria-describedby=\"caption-attachment-456\" class=\"size-thumbnail wp-image-456 \" title=\"20100225_Situaci\u00f3n_guarder\u00eda\" src=\"http:\/\/www.jmoyano.com\/blog\/wp-content\/uploads\/2010\/04\/20100225_Situaci\u00f3n_guarder\u00eda-150x150.png\" alt=\"\" width=\"150\" height=\"150\" \/><\/a><p id=\"caption-attachment-456\" class=\"wp-caption-text\">Pincha para ampliar<\/p><\/div>\n<p style=\"text-align: left;\">si alg\u00fan trabajador medio de Alfafar o del Parque piensa que podr\u00e1 llevar los ni\u00f1os a la guarder\u00eda, por aquello de conciliar la vida laboral y familiar, que se olvide. Muy probablemente no podr\u00e1 pagar los precios del servicio<\/p>\n<p style=\"text-align: center;\">\n<div id=\"attachment_454\" style=\"width: 198px\" class=\"wp-caption aligncenter\"><a href=\"http:\/\/www.jmoyano.com\/blog\/wp-content\/uploads\/2010\/04\/20100225_Precios-guarder\u00eda.png\" target=\"_blank\"><img loading=\"lazy\" decoding=\"async\" aria-describedby=\"caption-attachment-454\" class=\" \" title=\"20100225_Precios guarder\u00eda\" src=\"http:\/\/www.jmoyano.com\/blog\/wp-content\/uploads\/2010\/04\/20100225_Precios-guarder\u00eda-150x150.png\" alt=\"\" width=\"188\" height=\"109\" \/><\/a><p id=\"caption-attachment-454\" class=\"wp-caption-text\">Precios: Pincha para ampliar<\/p><\/div>\n<p style=\"text-align: left;\"><a href=\"http:\/\/www.jmoyano.com\/blog\/wp-content\/uploads\/2010\/04\/20100225-Adjudicaci\u00f3n-guarder\u00eda.pdf\" target=\"_blank\">Decreto de adjudicaci\u00f3n<\/a><\/p>\n","protected":false},"excerpt":{"rendered":"<p>Nuestros magn\u00edficos gobernantes municipales han decidido construir una guarder\u00eda para ni\u00f1os de 0 a 3 a\u00f1os en Alfafar. La guarder\u00eda estar\u00e1 ubicada en la zona comercial: si alg\u00fan trabajador medio de Alfafar o del Parque piensa que podr\u00e1 llevar los ni\u00f1os a la guarder\u00eda, por aquello de conciliar la vida laboral y familiar, que se [&hellip;]<\/p>\n","protected":false},"author":1,"featured_media":0,"comment_status":"open","ping_status":"open","sticky":false,"template":"","format":"standard","meta":{"footnotes":""},"categories":[22],"tags":[15,54],"class_list":["post-455","post","type-post","status-publish","format-standard","hentry","category-ayuntamiento-de-alfafar","tag-alfafar","tag-guarderia"],"_links":{"self":[{"href":"https:\/\/www.jmoyano.com\/blog\/wp-json\/wp\/v2\/posts\/455","targetHints":{"allow":["GET"]}}],"collection":[{"href":"https:\/\/www.jmoyano.com\/blog\/wp-json\/wp\/v2\/posts"}],"about":[{"href":"https:\/\/www.jmoyano.com\/blog\/wp-json\/wp\/v2\/types\/post"}],"author":[{"embeddable":true,"href":"https:\/\/www.jmoyano.com\/blog\/wp-json\/wp\/v2\/users\/1"}],"replies":[{"embeddable":true,"href":"https:\/\/www.jmoyano.com\/blog\/wp-json\/wp\/v2\/comments?post=455"}],"version-history":[{"count":5,"href":"https:\/\/www.jmoyano.com\/blog\/wp-json\/wp\/v2\/posts\/455\/revisions"}],"predecessor-version":[{"id":461,"href":"https:\/\/www.jmoyano.com\/blog\/wp-json\/wp\/v2\/posts\/455\/revisions\/461"}],"wp:attachment":[{"href":"https:\/\/www.jmoyano.com\/blog\/wp-json\/wp\/v2\/media?parent=455"}],"wp:term":[{"taxonomy":"category","embeddable":true,"href":"https:\/\/www.jmoyano.com\/blog\/wp-json\/wp\/v2\/categories?post=455"},{"taxonomy":"post_tag","embeddable":true,"href":"https:\/\/www.jmoyano.com\/blog\/wp-json\/wp\/v2\/tags?post=455"}],"curies":[{"name":"wp","href":"https:\/\/api.w.org\/{rel}","templated":true}]}}