{"id":513,"date":"2010-04-12T10:56:41","date_gmt":"2010-04-12T08:56:41","guid":{"rendered":"http:\/\/www.jmoyano.com\/blog\/?p=513"},"modified":"2010-04-12T11:04:00","modified_gmt":"2010-04-12T09:04:00","slug":"%c2%bfcandidatura-nueva-en-la-municipales-2010-de-alfafar","status":"publish","type":"post","link":"https:\/\/www.jmoyano.com\/blog\/2010\/04\/12\/%c2%bfcandidatura-nueva-en-la-municipales-2010-de-alfafar\/","title":{"rendered":"\u00bfCandidatura progresista para las municipales 2011 de Alfafar?"},"content":{"rendered":"<p style=\"text-align: justify;\">En los pr\u00f3ximos d\u00edas me han convocado a una reuni\u00f3n, en la que participaran representantes de distintas fuerzas pol\u00edtica y personas no afiliadas, para reflexionar sobre la posibilidad de presentar una candidatura, digamos que progresista, que se presente a las pr\u00f3ximas elecciones municipales de 2011.<\/p>\n<p style=\"text-align: justify;\">Tengo claro que el PSPV-PSOE de Alfafar encabezado por Emilio Mu\u00f1oz y rodeado de su cohorte asalariados: concejales, asesores, directores, etc., han gobernado en los \u00faltimos a\u00f1os con un objetivo prioritario: mantener sus sueldos y privilegios. La mayor parte de sus asalariados necesitan el puesto para seguir viviendo como viven. Si dejaran de cobrar del ayuntamiento su nivel de vida cambiar\u00eda sustancialmente. Incluso muchos de ellos estar\u00edan sin trabajo.<\/p>\n<p style=\"text-align: justify;\">Y la alternativa PP pone los pelos de punta. La misma manera de actuar que el PSOE en los lugares en que gobierna, ali\u00f1ada con agua bendita, hisopos, campa\u00f1as contra el laicismo, defensa de la guerra de Irak, Gurteles de todo tipo. Y ni siquiera curran para acelerar la toma del ayuntamiento, se limitan a esperar los desatinos de la izquierda para hacer peor lo mismo que los Socialistas.<\/p>\n<p style=\"text-align: justify;\">Nuestros dirigentes pol\u00edticos, econ\u00f3micos, acad\u00e9micos y sindicales llevan a\u00f1os machacando a la ciudadan\u00eda con mensajes\u00a0 de que \u00abhemos de competir\u00bb, \u00abdebemos de sobresalir\u00bb, \u00abtenemos que ganar m\u00e1s\u00bb \u00abintentar ser el n\u00famero uno\u00bb. Nos dicen, como nos dec\u00edan nuestros padres que \u00abande yo caliente y r\u00edase la gente, \u00abque me quiten lo bailao\u00bb, \u00abel que no roba es porque no puede\u00bb. O como dicen nuestros nietos \u00abyo curro para pagar la letra del coche y la fiesta del fin de semana\u00bb. Ya s\u00e9 que no son todos pero me temo que es una mayor\u00eda.\u00a0 Y as\u00ed nos va.<\/p>\n<p style=\"text-align: justify;\">Las decisiones de gastos e ingresos municipales se toman para ganar elecciones y seguir disfrutando de privilegios. Nuestro ayuntamiento est\u00e1 en quiebra. Y no es lo peor, han firmando contratos de pr\u00e9stamos, concesiones de polideportivo, la nueva guarder\u00eda, puestos de funcionario, que afectan a los pagos que tendremos que hacer desde el ayuntamiento en los pr\u00f3ximos treinta a\u00f1os. Un disparate. Se atreven a tomar decisiones que obligar\u00e1n a generaciones sin escuchar a la parte de la sociedad civil que no desea esas actuaciones. Hemos reflexionado sobre ellas y estamos convencidos que no benefic\u00edan sustancialmente a los ciudadanos sino a pol\u00edticos, constructores, sic\u00f3patas del consumo y faunas similares. Y la mayor\u00eda de poblaci\u00f3n calla y dice que todos los pol\u00edticos son iguales.<\/p>\n<p style=\"text-align: justify;\">No podemos quejarnos, tenemos los pol\u00edticos a los que hemos dado la mayor\u00eda en unas votaciones.<\/p>\n<p style=\"text-align: justify;\">Nos queda recurrir a \u00abla sociedad civil municipal\u00bb para informar de lo que sabemos, criticar lo que nos parece mal y proponer aquello que creemos justo. Y en ese territorio reafirmamos el comportamiento desp\u00f3tico de nuestro poder municipal.<\/p>\n<p style=\"text-align: justify;\">Las relaciones de nuestro ayuntamiento con la sociedad civil: fallas, asociaciones, jubilados, bandas de m\u00fasica, comparsas, colectivos, ciudadanos organizados puntualmente contra los aparcamiento en la avenida, o contra la subida de impuestos, se rigen por reglas sencillas. Si eres de \u00ablos m\u00edos\u00bb te ayudar\u00e9. Si eres de ni fu ni f\u00e1, tendr\u00e1s migajas siempre que calles. Si sistem\u00e1ticamente me criticas, desvelas cosas que no quiero, exiges participaci\u00f3n ciudadana, el cumplimiento del programa electoral con el que se presentaron a las elecciones, vamos, si eres reivindicativo, no tengas dudas, te recortar\u00e9 subvenciones, me cargar\u00e9 cualquier iniciativa que presentes y si puedo har\u00e9 lo posible por destruirte. Todo vale para conservar el sueldo.<\/p>\n<p style=\"text-align: justify;\">Amenazan sutilmente a las asociaciones que se re\u00fanen con los radicales (DRAE: \u00abPartidario de reformas extremas, especialmente en sentido democr\u00e1tico), utilizando sencillos argumentos: mientras te deje un local, te pague unos cuantos gastos, te de subvenciones aunque sean peque\u00f1as, te invite a viajes, te ofrezca actuaciones o cosas similares, date por satisfecho. Y tragan, literalmente tragan porque les parece razonable que sea as\u00ed.<\/p>\n<p style=\"text-align: justify;\">Quedamos unos cuantos irreductibles (algo as\u00ed como una mezcla de Don Quijote, Asterix y Guillermo Tell), que aguantamos como viejos mani\u00e1ticos, que no nos dejamos comprar y con m\u00e1s moral que El Alcoyano, seguimos en la brecha con el convencimiento de que esas mayor\u00edas necesita tener una minor\u00eda de resistentes que \u00ables saquen los colores\u00bb. Si les quedara algo de verg\u00fcenza escuchar\u00edan a las personas y organizaciones que, aunque muy minoritarias, son capaces de reflexionar, pensar, imaginar el futuro desde el convencimiento de que \u00abotro mundo es posible\u00bb.<\/p>\n<p style=\"text-align: justify;\">Y por eso me reunir\u00e9 para hablar de una candidatura progresista a las municipales de 2010. Es una m\u00e1s de las oportunidades que tenemos para hacernos o\u00edr.<\/p>\n<p style=\"text-align: center;\"><strong>\u00abLa batalla que seguro\u00a0 est\u00e1 perdida es la que no se comienza\u00bb.<br \/>\n<\/strong><\/p>\n","protected":false},"excerpt":{"rendered":"<p>En los pr\u00f3ximos d\u00edas me han convocado a una reuni\u00f3n, en la que participaran representantes de distintas fuerzas pol\u00edtica y personas no afiliadas, para reflexionar sobre la posibilidad de presentar una candidatura, digamos que progresista, que se presente a las pr\u00f3ximas elecciones municipales de 2011. Tengo claro que el PSPV-PSOE de Alfafar encabezado por Emilio [&hellip;]<\/p>\n","protected":false},"author":1,"featured_media":0,"comment_status":"open","ping_status":"open","sticky":false,"template":"","format":"standard","meta":{"footnotes":""},"categories":[22,5],"tags":[15,165],"class_list":["post-513","post","type-post","status-publish","format-standard","hentry","category-ayuntamiento-de-alfafar","category-opinion","tag-alfafar","tag-participacion-ciudadana"],"_links":{"self":[{"href":"https:\/\/www.jmoyano.com\/blog\/wp-json\/wp\/v2\/posts\/513","targetHints":{"allow":["GET"]}}],"collection":[{"href":"https:\/\/www.jmoyano.com\/blog\/wp-json\/wp\/v2\/posts"}],"about":[{"href":"https:\/\/www.jmoyano.com\/blog\/wp-json\/wp\/v2\/types\/post"}],"author":[{"embeddable":true,"href":"https:\/\/www.jmoyano.com\/blog\/wp-json\/wp\/v2\/users\/1"}],"replies":[{"embeddable":true,"href":"https:\/\/www.jmoyano.com\/blog\/wp-json\/wp\/v2\/comments?post=513"}],"version-history":[{"count":10,"href":"https:\/\/www.jmoyano.com\/blog\/wp-json\/wp\/v2\/posts\/513\/revisions"}],"predecessor-version":[{"id":518,"href":"https:\/\/www.jmoyano.com\/blog\/wp-json\/wp\/v2\/posts\/513\/revisions\/518"}],"wp:attachment":[{"href":"https:\/\/www.jmoyano.com\/blog\/wp-json\/wp\/v2\/media?parent=513"}],"wp:term":[{"taxonomy":"category","embeddable":true,"href":"https:\/\/www.jmoyano.com\/blog\/wp-json\/wp\/v2\/categories?post=513"},{"taxonomy":"post_tag","embeddable":true,"href":"https:\/\/www.jmoyano.com\/blog\/wp-json\/wp\/v2\/tags?post=513"}],"curies":[{"name":"wp","href":"https:\/\/api.w.org\/{rel}","templated":true}]}}