{"id":552,"date":"2010-04-19T20:27:01","date_gmt":"2010-04-19T18:27:01","guid":{"rendered":"http:\/\/www.jmoyano.com\/blog\/?p=552"},"modified":"2010-04-19T20:27:01","modified_gmt":"2010-04-19T18:27:01","slug":"web-alfafar-com-incompetencia-o-precaucion","status":"publish","type":"post","link":"https:\/\/www.jmoyano.com\/blog\/2010\/04\/19\/web-alfafar-com-incompetencia-o-precaucion\/","title":{"rendered":"Web alfafar.com: Incompetencia o precauci\u00f3n"},"content":{"rendered":"<p>En distintas ocasiones he hecho referencia a la indecencia de nuestros gobernantes locales ante las decenas de miles de euros que el Ayuntamiento de Alfafar gast\u00f3 y sigue gastando en \u00abmodernizaci\u00f3n tecnol\u00f3gica\u00bb, \u00abdirectores de p\u00e1ginas web\u00bb, etc. Se supone que uno de los objetivos de tanta inversi\u00f3n es facilitar el acceso de los ciudadanos a la ciudadan\u00eda. Mucho me temo que el objetivo de tanta pasta es ayudar a los amigos (Noguera por ejemplo) y dedicarse al autobombo.<\/p>\n<p>Lo que no es opinable, por objetivo, es que no tienen tiempo de actualizar la p\u00e1gina web del ayuntamiento con las actas de los plenos. El \u00faltimo que han \u00abcolgado\u00bb es el del 27\/01\/2010. Supongo que casi tres meses despu\u00e9s habr\u00e1n celebrado alguno m\u00e1s.<\/p>\n<p>Impresentable.<\/p>\n","protected":false},"excerpt":{"rendered":"<p>En distintas ocasiones he hecho referencia a la indecencia de nuestros gobernantes locales ante las decenas de miles de euros que el Ayuntamiento de Alfafar gast\u00f3 y sigue gastando en \u00abmodernizaci\u00f3n tecnol\u00f3gica\u00bb, \u00abdirectores de p\u00e1ginas web\u00bb, etc. Se supone que uno de los objetivos de tanta inversi\u00f3n es facilitar el acceso de los ciudadanos a [&hellip;]<\/p>\n","protected":false},"author":1,"featured_media":0,"comment_status":"open","ping_status":"open","sticky":false,"template":"","format":"standard","meta":{"footnotes":""},"categories":[22,5],"tags":[15,38],"class_list":["post-552","post","type-post","status-publish","format-standard","hentry","category-ayuntamiento-de-alfafar","category-opinion","tag-alfafar","tag-web-de-alfafar"],"_links":{"self":[{"href":"https:\/\/www.jmoyano.com\/blog\/wp-json\/wp\/v2\/posts\/552","targetHints":{"allow":["GET"]}}],"collection":[{"href":"https:\/\/www.jmoyano.com\/blog\/wp-json\/wp\/v2\/posts"}],"about":[{"href":"https:\/\/www.jmoyano.com\/blog\/wp-json\/wp\/v2\/types\/post"}],"author":[{"embeddable":true,"href":"https:\/\/www.jmoyano.com\/blog\/wp-json\/wp\/v2\/users\/1"}],"replies":[{"embeddable":true,"href":"https:\/\/www.jmoyano.com\/blog\/wp-json\/wp\/v2\/comments?post=552"}],"version-history":[{"count":2,"href":"https:\/\/www.jmoyano.com\/blog\/wp-json\/wp\/v2\/posts\/552\/revisions"}],"predecessor-version":[{"id":554,"href":"https:\/\/www.jmoyano.com\/blog\/wp-json\/wp\/v2\/posts\/552\/revisions\/554"}],"wp:attachment":[{"href":"https:\/\/www.jmoyano.com\/blog\/wp-json\/wp\/v2\/media?parent=552"}],"wp:term":[{"taxonomy":"category","embeddable":true,"href":"https:\/\/www.jmoyano.com\/blog\/wp-json\/wp\/v2\/categories?post=552"},{"taxonomy":"post_tag","embeddable":true,"href":"https:\/\/www.jmoyano.com\/blog\/wp-json\/wp\/v2\/tags?post=552"}],"curies":[{"name":"wp","href":"https:\/\/api.w.org\/{rel}","templated":true}]}}