{"id":878,"date":"2010-08-02T20:04:09","date_gmt":"2010-08-02T18:04:09","guid":{"rendered":"http:\/\/www.jmoyano.com\/blog\/?p=878"},"modified":"2010-08-02T20:04:09","modified_gmt":"2010-08-02T18:04:09","slug":"el-misterio-de-la-nueva-concesion-de-basuras","status":"publish","type":"post","link":"https:\/\/www.jmoyano.com\/blog\/2010\/08\/02\/el-misterio-de-la-nueva-concesion-de-basuras\/","title":{"rendered":"El misterio de la nueva concesi\u00f3n de basuras"},"content":{"rendered":"<p>Nuestro Ayuntamiento saca a concurso p\u00fablico la recogida de residuos s\u00f3lidos urbanos para los a\u00f1os 2011 a 2025. Se puede ver en la <a href=\"http:\/\/www.alfafar.com\/portal\/fdes_d4_v1.jsp?contenido=2335&amp;tipo=6&amp;nivel=1400\" target=\"_blank\">p\u00e1gina web del Ayuntamiento<\/a>.<\/p>\n<p>Ahora, una adivinanza. Os dejo lo que pagar\u00e1 cada uno de los a\u00f1os a la empresa concesionaria:<\/p>\n<p><a href=\"http:\/\/www.jmoyano.com\/blog\/wp-content\/uploads\/2010\/08\/201007-Importe-Recogida-Basuras.png\"><img loading=\"lazy\" decoding=\"async\" class=\"aligncenter size-full wp-image-877\" title=\"201007 Importe Recogida Basuras\" src=\"http:\/\/www.jmoyano.com\/blog\/wp-content\/uploads\/2010\/08\/201007-Importe-Recogida-Basuras.png\" alt=\"\" width=\"412\" height=\"572\" srcset=\"https:\/\/www.jmoyano.com\/blog\/wp-content\/uploads\/2010\/08\/201007-Importe-Recogida-Basuras.png 412w, https:\/\/www.jmoyano.com\/blog\/wp-content\/uploads\/2010\/08\/201007-Importe-Recogida-Basuras-216x300.png 216w\" sizes=\"auto, (max-width: 412px) 100vw, 412px\" \/><\/a><\/p>\n<p>La adivinanza consiste en averiguar que ocurrir\u00e1 en Alfafar para que en 2011 y 2012 nos cueste menos de 300.000 \u20ac\/a\u00f1o y a partir del 2013 m\u00e1s del doble de esa cantidad.<\/p>\n<p><a href=\"http:\/\/www.jmoyano.com\/blog\/wp-content\/uploads\/2010\/08\/201007-BASURAS-Cla\u00fasulas-administrativas.pdf\" target=\"_blank\">Aqu\u00ed<\/a> el pliego de condiciones<\/p>\n<p>Prometo invitaci\u00f3n a paella a las personas que me ayuden a desvelar el misterio<\/p>\n","protected":false},"excerpt":{"rendered":"<p>Nuestro Ayuntamiento saca a concurso p\u00fablico la recogida de residuos s\u00f3lidos urbanos para los a\u00f1os 2011 a 2025. Se puede ver en la p\u00e1gina web del Ayuntamiento. Ahora, una adivinanza. Os dejo lo que pagar\u00e1 cada uno de los a\u00f1os a la empresa concesionaria: La adivinanza consiste en averiguar que ocurrir\u00e1 en Alfafar para que [&hellip;]<\/p>\n","protected":false},"author":1,"featured_media":0,"comment_status":"open","ping_status":"closed","sticky":false,"template":"","format":"standard","meta":{"footnotes":""},"categories":[22,5],"tags":[15,32,19,45,38],"class_list":["post-878","post","type-post","status-publish","format-standard","hentry","category-ayuntamiento-de-alfafar","category-opinion","tag-alfafar","tag-crisis-economica","tag-impuestos","tag-politica-de-letra-pequena","tag-web-de-alfafar"],"_links":{"self":[{"href":"https:\/\/www.jmoyano.com\/blog\/wp-json\/wp\/v2\/posts\/878","targetHints":{"allow":["GET"]}}],"collection":[{"href":"https:\/\/www.jmoyano.com\/blog\/wp-json\/wp\/v2\/posts"}],"about":[{"href":"https:\/\/www.jmoyano.com\/blog\/wp-json\/wp\/v2\/types\/post"}],"author":[{"embeddable":true,"href":"https:\/\/www.jmoyano.com\/blog\/wp-json\/wp\/v2\/users\/1"}],"replies":[{"embeddable":true,"href":"https:\/\/www.jmoyano.com\/blog\/wp-json\/wp\/v2\/comments?post=878"}],"version-history":[{"count":3,"href":"https:\/\/www.jmoyano.com\/blog\/wp-json\/wp\/v2\/posts\/878\/revisions"}],"predecessor-version":[{"id":881,"href":"https:\/\/www.jmoyano.com\/blog\/wp-json\/wp\/v2\/posts\/878\/revisions\/881"}],"wp:attachment":[{"href":"https:\/\/www.jmoyano.com\/blog\/wp-json\/wp\/v2\/media?parent=878"}],"wp:term":[{"taxonomy":"category","embeddable":true,"href":"https:\/\/www.jmoyano.com\/blog\/wp-json\/wp\/v2\/categories?post=878"},{"taxonomy":"post_tag","embeddable":true,"href":"https:\/\/www.jmoyano.com\/blog\/wp-json\/wp\/v2\/tags?post=878"}],"curies":[{"name":"wp","href":"https:\/\/api.w.org\/{rel}","templated":true}]}}