{"id":948,"date":"2010-08-13T08:27:34","date_gmt":"2010-08-13T06:27:34","guid":{"rendered":"http:\/\/www.jmoyano.com\/blog\/?p=948"},"modified":"2010-08-13T08:27:34","modified_gmt":"2010-08-13T06:27:34","slug":"esperando-la-tormenta-luis-sepulveda-en-el-diario-publico","status":"publish","type":"post","link":"https:\/\/www.jmoyano.com\/blog\/2010\/08\/13\/esperando-la-tormenta-luis-sepulveda-en-el-diario-publico\/","title":{"rendered":"Esperando la tormenta. Luis Sep\u00falveda en el diario \u00abP\u00fablico\u00bb"},"content":{"rendered":"<p>Los minusv\u00e1lidos intelectuales esperan el momento de defender su puesto de trabajo machacando a los diferentes. \u00abLa roja\u00bb, \u00abSoy espa\u00f1ol, espa\u00f1ol, espa\u00f1ol\u00bb\u00a0 son\u00a0 preparativos para \u00abmoros fuera\u00bb, \u00abnegros fuera\u00bb, \u00abEspa\u00f1a para los espa\u00f1oles\u00bb.<\/p>\n<p>Las crisis (econ\u00f3mica, de trabajo, de servicios p\u00fablicos, de pol\u00edticos\u00a0 corruptos&#8230;..) nos tienen atenazados, incapaces de articular un discurso integrador y que genere esperanza. Esperemos la tormenta<\/p>\n<p>El original <a href=\"http:\/\/blogs.publico.es\/dominiopublico\/2278\/esperando-la-tormenta\/\" target=\"_blank\">aqu\u00ed<\/a> de la secci\u00f3n <a href=\"http:\/\/blogs.publico.es\/dominiopublico\/\" target=\"_blank\">Dominio P\u00fablico<\/a> del diario <a href=\"http:\/\/www.publico.es\/\" target=\"_blank\">P\u00fablico<\/a>. Las negritas son m\u00edas.<\/p>\n<blockquote>\n<p style=\"text-align: center;\"><strong><a href=\"http:\/\/blogs.publico.es\/dominiopublico\/files\/2010\/08\/08-13.jpg\"><img loading=\"lazy\" decoding=\"async\" class=\"aligncenter\" src=\"http:\/\/blogs.publico.es\/dominiopublico\/files\/2010\/08\/08-13.jpg\" alt=\"\" width=\"450\" height=\"232\" \/><\/a><\/strong><\/p>\n<p style=\"text-align: justify;\"><span style=\"color: #808080;\"><em><strong>LUIS SEP\u00daLVEDA<\/strong><\/em><\/span><\/p>\n<p style=\"text-align: justify;\"><span style=\"color: #808080;\"><em>Este verano ha sido largo y caliente en el norte de Espa\u00f1a, el verde casi id\u00edlico de los valles asturianos se ha tornado mustio y los paisanos suspiran mirando al cielo en busca de las nubes que necesariamente han de traer la tormenta.<br \/>\nHace ya muchos a\u00f1os, en casa del general Omar Torrijos, en Panam\u00e1, tuve el privilegio de conocer a Graham Greene y, en una tarde de tormenta tropical, me acerqu\u00e9 hasta la hamaca en la que el gran escritor beb\u00eda whisky con ademanes sacramentales. Tras compartir una media hora de silencio, me pregunt\u00f3 si quer\u00eda saber en qu\u00e9 estaba pensando. Mi respuesta fue un s\u00ed rotundo, y el gran escritor me cont\u00f3 que ten\u00eda la frase final de una novela, pero nada m\u00e1s que la frase final, del resto del argumento no ten\u00eda ni la menor idea. La frase rezaba: \u201cY en eso lleg\u00f3 la tormenta\u201d.<br \/>\nNunca m\u00e1s volv\u00ed a estar cerca de Graham Greene. Omar Torrijos muri\u00f3 en un extra\u00f1o accidente urdido por la CIA que permiti\u00f3 a un s\u00e1trapa de apellido Noriega hacerse con el poder en Panam\u00e1 y de paso facilitar una invasi\u00f3n norteamericana, y otros dos presentes en aquella tarde memorable tampoco est\u00e1n en este mundo: Hugo Spadafora perdi\u00f3 la vida en otro curioso accidente a\u00e9reo, y a Chuch\u00fa Mart\u00ednez, la mano derecha de Torrijos, le fall\u00f3 su noble coraz\u00f3n de paname\u00f1o, pero esa frase permanece en mi cabeza y suena con el timbre de voz susurrante de Graham Greene: \u201cY en eso lleg\u00f3 la tormenta\u201d.<br \/>\nCuando la can\u00edcula se hace insoportable, cuando el aire ahoga, cuando el cielo amenaza con pegarnos al suelo, entonces deseamos la tormenta salvadora, y desde hace ya varios a\u00f1os en Espa\u00f1a miramos al cielo buscando las se\u00f1ales de esa tormenta que tiene como misi\u00f3n hacer respirable el aire ciudadano, el aire calentado y envilecido por el odio de la derecha que ha reemplazado a los argumentos, a la posibilidad de discrepancia, al urgente di\u00e1logo civilizado.<br \/>\nSon muy pocos los pa\u00edses en los que el odio de la derecha ha llevado a situaciones tan grotescas como las que hemos presenciado en Espa\u00f1a. Desde el intento de sacar r\u00e9dito pol\u00edtico a la tragedia del 11-M, hasta buscar el enfrentamiento social mediante los mensajes apocal\u00edpticos que se sucedieron tras la aprobaci\u00f3n de leyes como la que legaliza las uniones entre personas del mismo sexo, la Ley de Memoria Hist\u00f3rica, la que entrega una educaci\u00f3n para la ciudadan\u00eda, o la que ampl\u00eda un derecho tal elemental como es el de permitir que las mujeres decidan sobre su propio cuerpo,<strong> el lenguaje callejero de la derecha espa\u00f1ola ha sido de un odio virulento, de un odio que ha calentado la atm\u00f3sfera hasta hacerla irrespirable.<\/strong><br \/>\nHemos presenciado el espect\u00e1culo de<strong> una Iglesia sedienta de volver a los tiempos del nacional catolicismo, llamando a defender a la familia, pero sin decir una palabra acerca de los miles de casos de abusos de menores perpetrados por sujetos de sotana y rosario.<\/strong> Hemos visto como el l\u00edder de la derecha a<strong>br\u00eda las puertas a la m\u00e1s pura xenofobia proponiendo un contrato mediante el cual los extranjeros se compromet\u00edan a respetar las costumbres espa\u00f1olas, pero sin indicar ninguna.<\/strong> Hemos visto como, en lugar de proponer ideas, se festeja la subida monstruosa del paro como un \u00e9xito de la labor opositora.<br \/>\nHace unos d\u00edas tom\u00e9 un taxi en Madrid y, aunque por regla de salud no converso con los taxistas, no pude evitar que me salpicara con sus babas de odio. <strong>El hombre suger\u00eda una intervenci\u00f3n de la legi\u00f3n en Catalunya <\/strong>para poner en su lugar a esos cabrones, porque la prohibici\u00f3n de las corridas de toros era una ofensa a Espa\u00f1a, a los espa\u00f1oles, y sobre todo a \u00e9l mismo, quintaesencia de la espa\u00f1olidad. <strong>Le pregunt\u00e9 si no sab\u00eda que los canarios hab\u00edan hecho lo mismo el a\u00f1o 91, y su respuesta fue: los canarios, esos no son espa\u00f1oles, son africanos.<\/strong><br \/>\nD\u00edas m\u00e1s tarde en mi pescader\u00eda de Gij\u00f3n <strong>una anciana vaticinaba que lo de los catalanes prohibiendo los toros era el primer paso y que el siguiente era la quema de iglesias o la obligaci\u00f3n de abortar<\/strong>. Su rebequita de ganchillo destilaba odio. Luego, en la fila frente a la caja de un supermercado, <strong>un asturiano y espa\u00f1ol de pura cepa indic\u00f3 mi ramo de albahaca plastificada y exclam\u00f3: c\u00f3mo no van a subir los precios si traen cosas que comen los extranjeros y de lo de siempre no se encuentra nada.<\/strong> Le indiqu\u00e9 que la albahaca era andaluza y su respuesta fue: si no te gusta lo de aqu\u00ed, por qu\u00e9 no te largas a Barcelona o al pa\u00eds vasco que es donde os sent\u00eds a gusto.<br \/>\nAlguien puede alegar que las opiniones de ese taxista legionario, de la ancianita temerosa de abortos por decreto y del analfabeto gastron\u00f3mico son excepciones, y tiene raz\u00f3n. Pero son excepciones que confirman una regla peligrosa pues <strong>el lenguaje del odio, el discurso del odio de la derecha espa\u00f1ola, va dirigido precisamente a esos minusv\u00e1lidos intelectuales cuyo patrimonio cultural se limita a una torpe idea la patria como h\u00e1bitat, y a la religi\u00f3n como elemento autoafirmador de su ignorancia.<\/strong><br \/>\nY mientras tanto sigo esperando la tormenta. <strong>Una tormenta de ideas, pero progresistas, de izquierda, cargadas de humanidad e inteligencia, porque al odio desatado por la derecha s\u00f3lo podemos responder desde la inteligencia social, desde la sensibilidad social.<\/strong><br \/>\nCuando llegue ese momento pensar\u00e9 en el viejo Graham Greene con su vaso de whisky en la mano y susurrando: \u201cy en eso lleg\u00f3 la tormenta\u201d.<\/em><\/span><\/p>\n<p style=\"text-align: justify;\"><span style=\"color: #808080;\"><em><strong>Luis Sep\u00falveda<\/strong> <\/em><em>es escritor. Autor de \u2018La sombra de lo que fuimos\u2019<\/em><\/span><\/p>\n<\/blockquote>\n","protected":false},"excerpt":{"rendered":"<p>Los minusv\u00e1lidos intelectuales esperan el momento de defender su puesto de trabajo machacando a los diferentes. \u00abLa roja\u00bb, \u00abSoy espa\u00f1ol, espa\u00f1ol, espa\u00f1ol\u00bb\u00a0 son\u00a0 preparativos para \u00abmoros fuera\u00bb, \u00abnegros fuera\u00bb, \u00abEspa\u00f1a para los espa\u00f1oles\u00bb. Las crisis (econ\u00f3mica, de trabajo, de servicios p\u00fablicos, de pol\u00edticos\u00a0 corruptos&#8230;..) nos tienen atenazados, incapaces de articular un discurso integrador y que [&hellip;]<\/p>\n","protected":false},"author":1,"featured_media":0,"comment_status":"open","ping_status":"open","sticky":false,"template":"","format":"standard","meta":{"footnotes":""},"categories":[8,5],"tags":[94,10],"class_list":["post-948","post","type-post","status-publish","format-standard","hentry","category-copiadoypagado","category-opinion","tag-luis-sepulveda","tag-publico"],"_links":{"self":[{"href":"https:\/\/www.jmoyano.com\/blog\/wp-json\/wp\/v2\/posts\/948","targetHints":{"allow":["GET"]}}],"collection":[{"href":"https:\/\/www.jmoyano.com\/blog\/wp-json\/wp\/v2\/posts"}],"about":[{"href":"https:\/\/www.jmoyano.com\/blog\/wp-json\/wp\/v2\/types\/post"}],"author":[{"embeddable":true,"href":"https:\/\/www.jmoyano.com\/blog\/wp-json\/wp\/v2\/users\/1"}],"replies":[{"embeddable":true,"href":"https:\/\/www.jmoyano.com\/blog\/wp-json\/wp\/v2\/comments?post=948"}],"version-history":[{"count":11,"href":"https:\/\/www.jmoyano.com\/blog\/wp-json\/wp\/v2\/posts\/948\/revisions"}],"predecessor-version":[{"id":959,"href":"https:\/\/www.jmoyano.com\/blog\/wp-json\/wp\/v2\/posts\/948\/revisions\/959"}],"wp:attachment":[{"href":"https:\/\/www.jmoyano.com\/blog\/wp-json\/wp\/v2\/media?parent=948"}],"wp:term":[{"taxonomy":"category","embeddable":true,"href":"https:\/\/www.jmoyano.com\/blog\/wp-json\/wp\/v2\/categories?post=948"},{"taxonomy":"post_tag","embeddable":true,"href":"https:\/\/www.jmoyano.com\/blog\/wp-json\/wp\/v2\/tags?post=948"}],"curies":[{"name":"wp","href":"https:\/\/api.w.org\/{rel}","templated":true}]}}